{"id":782,"date":"2024-03-14T12:17:19","date_gmt":"2024-03-14T11:17:19","guid":{"rendered":"http:\/\/amvconseil.fr\/?p=782"},"modified":"2024-03-14T12:17:21","modified_gmt":"2024-03-14T11:17:21","slug":"identifier-et-resoudre-les-problemes-en-management-aller-au-dela-des-symptomes","status":"publish","type":"post","link":"https:\/\/amvconseil.fr\/?p=782","title":{"rendered":"Identifier et R\u00e9soudre les Probl\u00e8mes en Management : Aller au-del\u00e0 des Sympt\u00f4mes"},"content":{"rendered":"\n<p>Dans le monde complexe du management, il est fr\u00e9quent d&rsquo;\u00eatre confront\u00e9 \u00e0 des probl\u00e8mes, parfois \u00e9vidents, mais souvent masqu\u00e9s sous des sympt\u00f4mes subtils. Identifier un probl\u00e8me en mati\u00e8re de management ne se r\u00e9sume pas \u00e0 reconna\u00eetre un sympt\u00f4me, mais \u00e0 creuser plus profond\u00e9ment pour en comprendre la cause sous-jacente. Cela n\u00e9cessite une approche m\u00e9thodique et un courage manag\u00e9rial pour s&rsquo;attaquer aux v\u00e9ritables racines du probl\u00e8me.<\/p>\n\n\n\n<p><strong>La Diff\u00e9rence Entre Sympt\u00f4me et Cause Originelle<\/strong><\/p>\n\n\n\n<p>Un sympt\u00f4me peut \u00eatre d\u00e9fini comme un signe ou une manifestation d&rsquo;un probl\u00e8me, mais il ne repr\u00e9sente pas n\u00e9cessairement la cause sous-jacente. Par exemple, dans le cadre d&rsquo;une gestion de projet d\u00e9faillante, un sympt\u00f4me pourrait \u00eatre le d\u00e9passement des d\u00e9lais. Cependant, cela ne r\u00e9v\u00e8le pas la v\u00e9ritable cause du retard. Pour d\u00e9couvrir la cause originelle, il est essentiel d&rsquo;utiliser des outils d&rsquo;analyse tels que la r\u00e8gle des 5 pourquoi.<\/p>\n\n\n\n<p><strong>La R\u00e8gle des 5 Pourquoi<\/strong><\/p>\n\n\n\n<p>La r\u00e8gle des 5 pourquoi est une technique d&rsquo;analyse qui consiste \u00e0 poser la question \u00ab\u00a0Pourquoi?\u00a0\u00bb de mani\u00e8re r\u00e9p\u00e9t\u00e9e jusqu&rsquo;\u00e0 ce que la cause originelle d&rsquo;un probl\u00e8me soit identifi\u00e9e. Cela permet de remonter au-del\u00e0 des sympt\u00f4mes pour trouver la v\u00e9ritable source du dysfonctionnement. Prenons l&rsquo;exemple d&rsquo;une gestion de projet d\u00e9fectueuse :<\/p>\n\n\n\n<ol>\n<li><strong>Pourquoi le projet est-il en retard ?<\/strong><\/li>\n<\/ol>\n\n\n\n<ul>\n<li>Parce que les t\u00e2ches ne sont pas termin\u00e9es \u00e0 temps.<\/li>\n<\/ul>\n\n\n\n<ol>\n<li><strong>Pourquoi les t\u00e2ches ne sont-elles pas termin\u00e9es \u00e0 temps ?<\/strong><\/li>\n<\/ol>\n\n\n\n<ul>\n<li>Parce que les membres de l&rsquo;\u00e9quipe ne sont pas align\u00e9s sur les priorit\u00e9s.<\/li>\n<\/ul>\n\n\n\n<ol>\n<li><strong>Pourquoi les membres de l&rsquo;\u00e9quipe ne sont-ils pas align\u00e9s sur les priorit\u00e9s ?<\/strong><\/li>\n<\/ol>\n\n\n\n<ul>\n<li>Parce qu&rsquo;ils n&rsquo;ont pas le m\u00eame vocabulaire ni les m\u00eames m\u00e9thodes de gestion de projet.<\/li>\n<\/ul>\n\n\n\n<ol>\n<li><strong>Pourquoi n&rsquo;ont-ils pas le m\u00eame vocabulaire ni les m\u00eames m\u00e9thodes de gestion de projet ?<\/strong><\/li>\n<\/ol>\n\n\n\n<ul>\n<li>Parce qu&rsquo;ils n&rsquo;ont pas re\u00e7u de formation ad\u00e9quate et qu&rsquo;ils ont des ant\u00e9c\u00e9dents professionnels diff\u00e9rents.<\/li>\n<\/ul>\n\n\n\n<ol>\n<li><strong>Pourquoi n&rsquo;ont-ils pas re\u00e7u de formation ad\u00e9quate et ont des ant\u00e9c\u00e9dents diff\u00e9rents ?<\/strong><\/li>\n<\/ol>\n\n\n\n<ul>\n<li>Parce que l&rsquo;organisation n&rsquo;a pas mis en place de programme de d\u00e9veloppement des comp\u00e9tences et de standardisation des processus.<\/li>\n<\/ul>\n\n\n\n<p>Dans cet exemple, le retard dans la gestion de projet n&rsquo;est qu&rsquo;un sympt\u00f4me d&rsquo;un probl\u00e8me plus profond li\u00e9 \u00e0 la formation et \u00e0 la standardisation des processus. En appliquant la r\u00e8gle des 5 pourquoi, nous pouvons identifier la v\u00e9ritable cause du dysfonctionnement.<\/p>\n\n\n\n<p><strong>Avoir le Courage de S&rsquo;Attaquer \u00e0 la Cause Originelle<\/strong><\/p>\n\n\n\n<p>Identifier la cause originelle d&rsquo;un probl\u00e8me en mati\u00e8re de management est une premi\u00e8re \u00e9tape cruciale, mais le vrai d\u00e9fi r\u00e9side dans le courage de s&rsquo;attaquer \u00e0 cette cause. Cela peut impliquer des changements organisationnels, des investissements en formation ou une refonte des processus. Cependant, ignorer la cause sous-jacente ne fera que prolonger les sympt\u00f4mes et peut entra\u00eener l&rsquo;apparition de nouveaux probl\u00e8mes \u00e0 l&rsquo;avenir.<\/p>\n\n\n\n<p><strong>Conclusion<\/strong><\/p>\n\n\n\n<p>En conclusion, identifier un probl\u00e8me en mati\u00e8re de management n\u00e9cessite une analyse approfondie pour distinguer les sympt\u00f4mes de la cause originelle. En utilisant des outils comme la r\u00e8gle des 5 pourquoi, les gestionnaires peuvent remonter aux racines des probl\u00e8mes et prendre des mesures efficaces pour les r\u00e9soudre. Avoir le courage de s&rsquo;attaquer \u00e0 la cause originelle est essentiel pour assurer une gestion efficace et durable des organisations.<\/p>\n","protected":false},"excerpt":{"rendered":"<p>Dans le monde complexe du management, il est fr\u00e9quent d&rsquo;\u00eatre confront\u00e9 \u00e0 des probl\u00e8mes, parfois \u00e9vidents, mais souvent masqu\u00e9s sous des sympt\u00f4mes subtils. Identifier un probl\u00e8me en mati\u00e8re de management ne se r\u00e9sume pas \u00e0 reconna\u00eetre un sympt\u00f4me, mais \u00e0 creuser plus profond\u00e9ment pour en comprendre la cause sous-jacente. Cela n\u00e9cessite une approche m\u00e9thodique et&hellip;&nbsp;<a href=\"https:\/\/amvconseil.fr\/?p=782\" class=\"\" rel=\"bookmark\">Lire la suite &raquo;<span class=\"screen-reader-text\">Identifier et R\u00e9soudre les Probl\u00e8mes en Management : Aller au-del\u00e0 des Sympt\u00f4mes<\/span><\/a><\/p>\n","protected":false},"author":2,"featured_media":783,"comment_status":"closed","ping_status":"closed","sticky":true,"template":"","format":"standard","meta":[],"categories":[1],"tags":[],"yoast_head":"<!-- This site is optimized with the Yoast SEO plugin v21.1 - https:\/\/yoast.com\/wordpress\/plugins\/seo\/ -->\n<title>Identifier et R\u00e9soudre les Probl\u00e8mes en Management : Aller au-del\u00e0 des Sympt\u00f4mes -<\/title>\n<meta name=\"robots\" content=\"index, follow, max-snippet:-1, max-image-preview:large, max-video-preview:-1\" \/>\n<link rel=\"canonical\" href=\"http:\/\/amvconseil.fr\/?p=782\" \/>\n<meta property=\"og:locale\" content=\"fr_FR\" \/>\n<meta property=\"og:type\" content=\"article\" \/>\n<meta property=\"og:title\" content=\"Identifier et R\u00e9soudre les Probl\u00e8mes en Management : Aller au-del\u00e0 des Sympt\u00f4mes -\" \/>\n<meta property=\"og:description\" content=\"Dans le monde complexe du management, il est fr\u00e9quent d&rsquo;\u00eatre confront\u00e9 \u00e0 des probl\u00e8mes, parfois \u00e9vidents, mais souvent masqu\u00e9s sous des sympt\u00f4mes subtils. Identifier un probl\u00e8me en mati\u00e8re de management ne se r\u00e9sume pas \u00e0 reconna\u00eetre un sympt\u00f4me, mais \u00e0 creuser plus profond\u00e9ment pour en comprendre la cause sous-jacente. Cela n\u00e9cessite une approche m\u00e9thodique et&hellip;&nbsp;Lire la suite &raquo;Identifier et R\u00e9soudre les Probl\u00e8mes en Management : Aller au-del\u00e0 des Sympt\u00f4mes\" \/>\n<meta property=\"og:url\" content=\"http:\/\/amvconseil.fr\/?p=782\" \/>\n<meta property=\"article:published_time\" content=\"2024-03-14T11:17:19+00:00\" \/>\n<meta property=\"article:modified_time\" content=\"2024-03-14T11:17:21+00:00\" \/>\n<meta property=\"og:image\" content=\"http:\/\/amvconseil.fr\/wp-content\/uploads\/2024\/03\/article_AMV_Cause-957x1024.png\" \/>\n\t<meta property=\"og:image:width\" content=\"957\" \/>\n\t<meta property=\"og:image:height\" content=\"1024\" \/>\n\t<meta property=\"og:image:type\" content=\"image\/png\" \/>\n<meta name=\"author\" content=\"Bertrand Poitou\" \/>\n<meta name=\"twitter:card\" content=\"summary_large_image\" \/>\n<meta name=\"twitter:label1\" content=\"\u00c9crit par\" \/>\n\t<meta name=\"twitter:data1\" content=\"Bertrand Poitou\" \/>\n\t<meta name=\"twitter:label2\" content=\"Dur\u00e9e de lecture estim\u00e9e\" \/>\n\t<meta name=\"twitter:data2\" content=\"3 minutes\" \/>\n<script type=\"application\/ld+json\" class=\"yoast-schema-graph\">{\"@context\":\"https:\/\/schema.org\",\"@graph\":[{\"@type\":\"Article\",\"@id\":\"http:\/\/amvconseil.fr\/?p=782#article\",\"isPartOf\":{\"@id\":\"http:\/\/amvconseil.fr\/?p=782\"},\"author\":{\"name\":\"Bertrand Poitou\",\"@id\":\"http:\/\/amvconseil.fr\/#\/schema\/person\/31ca7e8bc482046f062131f4c050cb80\"},\"headline\":\"Identifier et R\u00e9soudre les Probl\u00e8mes en Management : Aller au-del\u00e0 des Sympt\u00f4mes\",\"datePublished\":\"2024-03-14T11:17:19+00:00\",\"dateModified\":\"2024-03-14T11:17:21+00:00\",\"mainEntityOfPage\":{\"@id\":\"http:\/\/amvconseil.fr\/?p=782\"},\"wordCount\":590,\"publisher\":{\"@id\":\"http:\/\/amvconseil.fr\/#organization\"},\"inLanguage\":\"fr-FR\"},{\"@type\":\"WebPage\",\"@id\":\"http:\/\/amvconseil.fr\/?p=782\",\"url\":\"http:\/\/amvconseil.fr\/?p=782\",\"name\":\"Identifier et R\u00e9soudre les Probl\u00e8mes en Management : Aller au-del\u00e0 des Sympt\u00f4mes -\",\"isPartOf\":{\"@id\":\"http:\/\/amvconseil.fr\/#website\"},\"datePublished\":\"2024-03-14T11:17:19+00:00\",\"dateModified\":\"2024-03-14T11:17:21+00:00\",\"breadcrumb\":{\"@id\":\"http:\/\/amvconseil.fr\/?p=782#breadcrumb\"},\"inLanguage\":\"fr-FR\",\"potentialAction\":[{\"@type\":\"ReadAction\",\"target\":[\"http:\/\/amvconseil.fr\/?p=782\"]}]},{\"@type\":\"BreadcrumbList\",\"@id\":\"http:\/\/amvconseil.fr\/?p=782#breadcrumb\",\"itemListElement\":[{\"@type\":\"ListItem\",\"position\":1,\"name\":\"Accueil\",\"item\":\"http:\/\/amvconseil.fr\/\"},{\"@type\":\"ListItem\",\"position\":2,\"name\":\"Identifier et R\u00e9soudre les Probl\u00e8mes en Management : Aller au-del\u00e0 des Sympt\u00f4mes\"}]},{\"@type\":\"WebSite\",\"@id\":\"http:\/\/amvconseil.fr\/#website\",\"url\":\"http:\/\/amvconseil.fr\/\",\"name\":\"AMV CONSEIL\",\"description\":\"\",\"publisher\":{\"@id\":\"http:\/\/amvconseil.fr\/#organization\"},\"potentialAction\":[{\"@type\":\"SearchAction\",\"target\":{\"@type\":\"EntryPoint\",\"urlTemplate\":\"http:\/\/amvconseil.fr\/?s={search_term_string}\"},\"query-input\":\"required name=search_term_string\"}],\"inLanguage\":\"fr-FR\"},{\"@type\":\"Organization\",\"@id\":\"http:\/\/amvconseil.fr\/#organization\",\"name\":\"AMV Conseil\",\"url\":\"http:\/\/amvconseil.fr\/\",\"logo\":{\"@type\":\"ImageObject\",\"inLanguage\":\"fr-FR\",\"@id\":\"http:\/\/amvconseil.fr\/#\/schema\/logo\/image\/\",\"url\":\"https:\/\/amvconseil.fr\/wp-content\/uploads\/2020\/05\/cropped-Fichier-106@0.75x-1.png\",\"contentUrl\":\"https:\/\/amvconseil.fr\/wp-content\/uploads\/2020\/05\/cropped-Fichier-106@0.75x-1.png\",\"width\":249,\"height\":46,\"caption\":\"AMV Conseil\"},\"image\":{\"@id\":\"http:\/\/amvconseil.fr\/#\/schema\/logo\/image\/\"},\"sameAs\":[\"https:\/\/www.linkedin.com\/in\/bertrand-poitou\/\"]},{\"@type\":\"Person\",\"@id\":\"http:\/\/amvconseil.fr\/#\/schema\/person\/31ca7e8bc482046f062131f4c050cb80\",\"name\":\"Bertrand Poitou\",\"sameAs\":[\"http:\/\/amv_conseil37\"],\"url\":\"https:\/\/amvconseil.fr\/?author=2\"}]}<\/script>\n<!-- \/ Yoast SEO plugin. -->","yoast_head_json":{"title":"Identifier et R\u00e9soudre les Probl\u00e8mes en Management : Aller au-del\u00e0 des Sympt\u00f4mes -","robots":{"index":"index","follow":"follow","max-snippet":"max-snippet:-1","max-image-preview":"max-image-preview:large","max-video-preview":"max-video-preview:-1"},"canonical":"http:\/\/amvconseil.fr\/?p=782","og_locale":"fr_FR","og_type":"article","og_title":"Identifier et R\u00e9soudre les Probl\u00e8mes en Management : Aller au-del\u00e0 des Sympt\u00f4mes -","og_description":"Dans le monde complexe du management, il est fr\u00e9quent d&rsquo;\u00eatre confront\u00e9 \u00e0 des probl\u00e8mes, parfois \u00e9vidents, mais souvent masqu\u00e9s sous des sympt\u00f4mes subtils. Identifier un probl\u00e8me en mati\u00e8re de management ne se r\u00e9sume pas \u00e0 reconna\u00eetre un sympt\u00f4me, mais \u00e0 creuser plus profond\u00e9ment pour en comprendre la cause sous-jacente. Cela n\u00e9cessite une approche m\u00e9thodique et&hellip;&nbsp;Lire la suite &raquo;Identifier et R\u00e9soudre les Probl\u00e8mes en Management : Aller au-del\u00e0 des Sympt\u00f4mes","og_url":"http:\/\/amvconseil.fr\/?p=782","article_published_time":"2024-03-14T11:17:19+00:00","article_modified_time":"2024-03-14T11:17:21+00:00","og_image":[{"width":957,"height":1024,"url":"http:\/\/amvconseil.fr\/wp-content\/uploads\/2024\/03\/article_AMV_Cause-957x1024.png","type":"image\/png"}],"author":"Bertrand Poitou","twitter_card":"summary_large_image","twitter_misc":{"\u00c9crit par":"Bertrand Poitou","Dur\u00e9e de lecture estim\u00e9e":"3 minutes"},"schema":{"@context":"https:\/\/schema.org","@graph":[{"@type":"Article","@id":"http:\/\/amvconseil.fr\/?p=782#article","isPartOf":{"@id":"http:\/\/amvconseil.fr\/?p=782"},"author":{"name":"Bertrand Poitou","@id":"http:\/\/amvconseil.fr\/#\/schema\/person\/31ca7e8bc482046f062131f4c050cb80"},"headline":"Identifier et R\u00e9soudre les Probl\u00e8mes en Management : Aller au-del\u00e0 des Sympt\u00f4mes","datePublished":"2024-03-14T11:17:19+00:00","dateModified":"2024-03-14T11:17:21+00:00","mainEntityOfPage":{"@id":"http:\/\/amvconseil.fr\/?p=782"},"wordCount":590,"publisher":{"@id":"http:\/\/amvconseil.fr\/#organization"},"inLanguage":"fr-FR"},{"@type":"WebPage","@id":"http:\/\/amvconseil.fr\/?p=782","url":"http:\/\/amvconseil.fr\/?p=782","name":"Identifier et R\u00e9soudre les Probl\u00e8mes en Management : Aller au-del\u00e0 des Sympt\u00f4mes -","isPartOf":{"@id":"http:\/\/amvconseil.fr\/#website"},"datePublished":"2024-03-14T11:17:19+00:00","dateModified":"2024-03-14T11:17:21+00:00","breadcrumb":{"@id":"http:\/\/amvconseil.fr\/?p=782#breadcrumb"},"inLanguage":"fr-FR","potentialAction":[{"@type":"ReadAction","target":["http:\/\/amvconseil.fr\/?p=782"]}]},{"@type":"BreadcrumbList","@id":"http:\/\/amvconseil.fr\/?p=782#breadcrumb","itemListElement":[{"@type":"ListItem","position":1,"name":"Accueil","item":"http:\/\/amvconseil.fr\/"},{"@type":"ListItem","position":2,"name":"Identifier et R\u00e9soudre les Probl\u00e8mes en Management : Aller au-del\u00e0 des Sympt\u00f4mes"}]},{"@type":"WebSite","@id":"http:\/\/amvconseil.fr\/#website","url":"http:\/\/amvconseil.fr\/","name":"AMV CONSEIL","description":"","publisher":{"@id":"http:\/\/amvconseil.fr\/#organization"},"potentialAction":[{"@type":"SearchAction","target":{"@type":"EntryPoint","urlTemplate":"http:\/\/amvconseil.fr\/?s={search_term_string}"},"query-input":"required name=search_term_string"}],"inLanguage":"fr-FR"},{"@type":"Organization","@id":"http:\/\/amvconseil.fr\/#organization","name":"AMV Conseil","url":"http:\/\/amvconseil.fr\/","logo":{"@type":"ImageObject","inLanguage":"fr-FR","@id":"http:\/\/amvconseil.fr\/#\/schema\/logo\/image\/","url":"https:\/\/amvconseil.fr\/wp-content\/uploads\/2020\/05\/cropped-Fichier-106@0.75x-1.png","contentUrl":"https:\/\/amvconseil.fr\/wp-content\/uploads\/2020\/05\/cropped-Fichier-106@0.75x-1.png","width":249,"height":46,"caption":"AMV Conseil"},"image":{"@id":"http:\/\/amvconseil.fr\/#\/schema\/logo\/image\/"},"sameAs":["https:\/\/www.linkedin.com\/in\/bertrand-poitou\/"]},{"@type":"Person","@id":"http:\/\/amvconseil.fr\/#\/schema\/person\/31ca7e8bc482046f062131f4c050cb80","name":"Bertrand Poitou","sameAs":["http:\/\/amv_conseil37"],"url":"https:\/\/amvconseil.fr\/?author=2"}]}},"_links":{"self":[{"href":"https:\/\/amvconseil.fr\/index.php?rest_route=\/wp\/v2\/posts\/782"}],"collection":[{"href":"https:\/\/amvconseil.fr\/index.php?rest_route=\/wp\/v2\/posts"}],"about":[{"href":"https:\/\/amvconseil.fr\/index.php?rest_route=\/wp\/v2\/types\/post"}],"author":[{"embeddable":true,"href":"https:\/\/amvconseil.fr\/index.php?rest_route=\/wp\/v2\/users\/2"}],"replies":[{"embeddable":true,"href":"https:\/\/amvconseil.fr\/index.php?rest_route=%2Fwp%2Fv2%2Fcomments&post=782"}],"version-history":[{"count":1,"href":"https:\/\/amvconseil.fr\/index.php?rest_route=\/wp\/v2\/posts\/782\/revisions"}],"predecessor-version":[{"id":784,"href":"https:\/\/amvconseil.fr\/index.php?rest_route=\/wp\/v2\/posts\/782\/revisions\/784"}],"wp:featuredmedia":[{"embeddable":true,"href":"https:\/\/amvconseil.fr\/index.php?rest_route=\/wp\/v2\/media\/783"}],"wp:attachment":[{"href":"https:\/\/amvconseil.fr\/index.php?rest_route=%2Fwp%2Fv2%2Fmedia&parent=782"}],"wp:term":[{"taxonomy":"category","embeddable":true,"href":"https:\/\/amvconseil.fr\/index.php?rest_route=%2Fwp%2Fv2%2Fcategories&post=782"},{"taxonomy":"post_tag","embeddable":true,"href":"https:\/\/amvconseil.fr\/index.php?rest_route=%2Fwp%2Fv2%2Ftags&post=782"}],"curies":[{"name":"wp","href":"https:\/\/api.w.org\/{rel}","templated":true}]}}