{"id":672,"date":"2022-10-13T09:13:44","date_gmt":"2022-10-13T07:13:44","guid":{"rendered":"http:\/\/amvconseil.fr\/?p=672"},"modified":"2022-10-13T09:41:17","modified_gmt":"2022-10-13T07:41:17","slug":"etes-vous-une-autruche","status":"publish","type":"post","link":"https:\/\/amvconseil.fr\/?p=672","title":{"rendered":"Faut-il faire l&rsquo;autruche et attendre que la crise passe ?"},"content":{"rendered":"\t\t<div data-elementor-type=\"wp-post\" data-elementor-id=\"672\" class=\"elementor elementor-672\">\n\t\t\t\t\t\t<section class=\"elementor-section elementor-top-section elementor-element elementor-element-61a74ef6 elementor-section-boxed elementor-section-height-default elementor-section-height-default\" data-id=\"61a74ef6\" data-element_type=\"section\">\n\t\t\t\t\t\t<div class=\"elementor-container elementor-column-gap-default\">\n\t\t\t\t\t<div class=\"elementor-column elementor-col-100 elementor-top-column elementor-element elementor-element-1c12d613\" data-id=\"1c12d613\" data-element_type=\"column\">\n\t\t\t<div class=\"elementor-widget-wrap elementor-element-populated\">\n\t\t\t\t\t\t<div class=\"elementor-element elementor-element-5a78ebf7 elementor-widget elementor-widget-text-editor\" data-id=\"5a78ebf7\" data-element_type=\"widget\" data-widget_type=\"text-editor.default\">\n\t\t\t\t<div class=\"elementor-widget-container\">\n\t\t\t\t\t\t\t<p><!-- wp:paragraph --><\/p>\n<p>En ce temps de pr\u00e9paration budg\u00e9taire pour l&rsquo;exercice 2023 le contexte est pesant et peu reluisant :<\/p>\n<p><!-- \/wp:paragraph --><\/p>\n<p><!-- wp:paragraph --><\/p>\n<p>Une inflation qui borde les 6% depuis le d\u00e9but de l&rsquo;ann\u00e9e et des concours financiers de l&rsquo;Etat qui ne sont pas index\u00e9s (ils sont malins \u00e0 Bercy avec il vont presque pouvoir r\u00e9cup\u00e9rer les 10 milliards d&rsquo;Euros qu&rsquo;ils comptent r\u00e9cup\u00e9rer sur les dotations aux CT sur leur budget 2023 )<\/p>\n<p><!-- \/wp:paragraph --><\/p>\n<p><!-- wp:paragraph --><\/p>\n<p>Cette inflation impacte l&rsquo;achat des denr\u00e9es, mat\u00e9riels et autres charges \u00e0 caract\u00e8re g\u00e9n\u00e9ral et le chapitre comptable O11 s&rsquo;envole car les collectivit\u00e9s, comme les m\u00e9nages, participent activement \u00e0 la consommation dans notre Pays.<\/p>\n<p><!-- \/wp:paragraph --><\/p>\n<p><!-- wp:paragraph --><\/p>\n<p>Pour l&rsquo;\u00e9nergie ce n&rsquo;est plus un envol c&rsquo;est un catapultage genre SpinLauch avec des augmentations estim\u00e9es entre 50, 100% et plus pour l&rsquo;ann\u00e9e prochaine.<\/p>\n<p><!-- \/wp:paragraph --><\/p>\n<p><!-- wp:paragraph --><\/p>\n<p>Et j&rsquo;allais oublier, car c&rsquo;est avant tout une bonne nouvelle pour les agents et les \u00e9lus, le point d&rsquo;indice a \u00e9t\u00e9 revaloris\u00e9 de 3,5% au 1er juillet de cette ann\u00e9e et l\u00e0 c&rsquo;est le chapitre comptable 012 qui tremble.<\/p>\n<p><!-- \/wp:paragraph --><\/p>\n<p><!-- wp:paragraph --><\/p>\n<p>Bon, abordons maintenant les pistes pour tenter de boucler le BP 2023 (et je ne vous parle pas des difficult\u00e9s pour 2024, 2025 et 2026. A ce rythme l\u00e0 pour \u00eatre candidat la pr\u00e9fecture demandera un BAC +5 en gestion et une exp\u00e9rience significative en management <img decoding=\"async\" draggable=\"false\" role=\"img\" class=\"emoji\" alt=\"\ud83d\ude02\" src=\"https:\/\/s.w.org\/images\/core\/emoji\/13.0.0\/svg\/1f602.svg\"> pour 1\/3 de la liste candidate aux prochaines municipales, si il y a encore des candidats !)<\/p>\n<p><!-- \/wp:paragraph --><\/p>\n<p><!-- wp:paragraph --><\/p>\n<p>Tout d&rsquo;abord, et c&rsquo;est bien naturel, esp\u00e9rons que le conflit Ukrainien s&rsquo;arr\u00eate vite et que cela jouera sur le co\u00fbt des mat\u00e9riaux pour les projets d&rsquo;investissement pr\u00e9vus sur la 2\u00e8me partie du mandat.<\/p>\n<p><!-- \/wp:paragraph --><\/p>\n<p><!-- wp:paragraph --><\/p>\n<p>Ensuite, pour ceux qui croient encore au P\u00e8re Noel, l&rsquo;Etat va peut \u00eatre doter les collectivit\u00e9s d&rsquo;un fond de soutien face aux couts des \u00e9nergies, mais rien n&rsquo;est moins sure.<\/p>\n<p><!-- \/wp:paragraph --><\/p>\n<p><!-- wp:paragraph --><\/p>\n<p>Votre Maire a un contact privil\u00e9gi\u00e9 avec Vladimir Poutine, a le 06 d&rsquo;Emmanuel Macron, de Bruno Lemaire ou de Gabriel Attal ?<\/p>\n<p><!-- \/wp:paragraph --><\/p>\n<p><!-- wp:paragraph --><\/p>\n<p>Ou peut \u00eatre&nbsp; le mail de Tony Stark (vous savez c&rsquo;est le g\u00e9nial inventeur et milliardaire sous l&rsquo;armure d&rsquo;Iron Man) pour vous procurer une pile radioactive \u00e0 particule B\u00e9ta pour chauffer les \u00e9quipements municipaux et faire rouler le parc de v\u00e9hicule de la commune.<\/p>\n<p><!-- \/wp:paragraph --><\/p>\n<p><!-- wp:paragraph --><\/p>\n<p>Non, alors arr\u00eatons l\u00e0 les hypoth\u00e8ses exog\u00e8nes et faisons n\u00f4tre une c\u00e9l\u00e8bre citation de Marc Aur\u00e8le :<\/p>\n<p><!-- \/wp:paragraph --><\/p>\n<p><!-- wp:paragraph --><\/p>\n<p><strong>\u00ab\u00a0Puis-je avoir la s\u00e9r\u00e9nit\u00e9 d&rsquo;accepter les choses que je ne peux changer, le courage de changer les choses qui peuvent l&rsquo;\u00eatre et la sagesse d&rsquo;en connaitre la diff\u00e9rence<\/strong>.\u00a0\u00bb<\/p>\n<p><!-- \/wp:paragraph --><\/p>\n<p><!-- wp:paragraph --><\/p>\n<p>Donc, avec courage, comme le dit Marc Aur\u00e8le, voil\u00e0 quelques pistes sans ordre de priorit\u00e9 :<\/p>\n<p><!-- \/wp:paragraph --><\/p>\n<p><!-- wp:list {\"type\":\"1\"} --><\/p>\n<ul type=\"1\">\n<li>Augmenter la taxe fonci\u00e8re. C&rsquo;est jouable si elle n&rsquo;est pas d\u00e9j\u00e0 trop forte mais politiquement tr\u00e8s risqu\u00e9, on en re-parle en 2026 si vous vous repr\u00e9sentez. D&rsquo;autant plus qu&rsquo;il y a eu cette ann\u00e9e une revalorisation significative de 3,4% des bases locatives dont vous b\u00e9n\u00e9ficiez et qui impacte d\u00e9j\u00e0 les propri\u00e9taires de votre commune.<\/li>\n<li>Augmenter vos tarifs (cantine, spectacle, entr\u00e9es piscine ou patinoire\u2026). Pas tr\u00e8s acceptable lorsque l&rsquo;on sait que le pouvoir d&rsquo;achat des plus fragiles est aussi tr\u00e8s impact\u00e9 ou alors en ne le faisant qu&rsquo;au coefficient familiale comme pour le paiement des journ\u00e9es \u00e0 l&rsquo;accueil de loisir.<\/li>\n<li>Baisser encore plus la temp\u00e9rature dans les \u00e9quipements (je ne voudrais pas \u00eatre l&rsquo;agent d&rsquo;accueil qui va g\u00e9rer les dol\u00e9ances).<\/li>\n<li>Acheter mieux, peut \u00eatre en se regroupant.<\/li>\n<li>Investir dans l&rsquo;am\u00e9lioration \u00e9nerg\u00e9tique des batiments communaux pour r\u00e9duire la facture. Une injonction paradoxale pour certains \u00e9lus car il va d\u00e9penser et \u00e7a ne se verra pas ou peu (une question : \u00eatre Maire c&rsquo;est forc\u00e9ment faire des choses qui se voient ?).<\/li>\n<li>Fermer des \u00e9quipements et des services. C&rsquo;est brutal mais quand on doit ouvrir un centre aquatique en 2023 (d\u00e9ficit estim\u00e9 sup\u00e9rieur \u00e0 500k tous les ans) la question peut se poser au regard du contexte. C&rsquo;est la m\u00eame chose avec un nouvel \u00e9quipement culturel. On commence d&rsquo;ailleurs \u00e0 voir des piscines d&rsquo;\u00e9t\u00e9 transform\u00e9es en skate parc en Touraine, il y aura bient\u00f4t des tiers lieux \u00e0 gestion priv\u00e9e (associative ou scoop) dans des salle des f\u00eates ou des th\u00e9\u00e2tres.<\/li>\n<li>Ne pas viser la 4\u00e8me \u00e9toile des ville fleuries. Lorsque \u00e0 la fin du mois on n&rsquo;a plus de sous \u00e0 la maison qu&rsquo;est qu&rsquo;on fait ? Et Bien on priorise les d\u00e9penses (et j&rsquo;ai rien contre les fleurs c&rsquo;est un exemple <img decoding=\"async\" draggable=\"false\" role=\"img\" class=\"emoji\" alt=\"\ud83d\ude01\" src=\"https:\/\/s.w.org\/images\/core\/emoji\/13.0.0\/svg\/1f601.svg\">).<\/li>\n<li>G\u00e9rer diff\u00e9remment et pourquoi pas hybrider comme le propose Gabriel Halpern avec plus d&rsquo;EPL pour reprendre un peu la main sur l&rsquo;eau, l&rsquo;\u00e9nergie, l&rsquo;am\u00e9nagement, la gestion et rendre fongible des budgets. Ou signer des contrats avec des bailleurs qui veulent investir sur la commune et accepter de ne pas \u00eatre propri\u00e9taire des murs mais offrir aux habitants un nouveau service (J&rsquo;ai un super exemple avec la maison de sant\u00e9 et les logements cr\u00e9\u00e9s \u00e0 Artannes sur Indre quand j&rsquo;\u00e9tais Maire)<\/li>\n<li>Mutualiser entre les communes et arr\u00eater la surench\u00e8re territoriale. On parle m\u00eame de marketing territorial pour \u00ab\u00a0draguer\u00a0\u00bb encore mieux l&rsquo;usager (client ou pas d&rsquo;ailleurs) et vraiement penser l&rsquo;am\u00e9nagement du territoire sur des crit\u00e8res objectifs et pas li\u00e9s au p\u00e9digr\u00e9 (et mandats) du Maire. Au fait \u00e7a ne devait pas servir \u00e0 \u00e7a les EPCI ?<\/li>\n<li>L&rsquo;avenir c&rsquo;est peut \u00eatre le pass\u00e9 et le camping-car peut apporter les services publics au plus pr\u00e8s de l&rsquo;usager (maison France Service, illectronisme, biblio, sport\u2026). Allez, tous son bassin mobile de natation qu&rsquo;on d\u00e9pose \u00e0 cot\u00e9 de l&rsquo;\u00e9cole.<\/li>\n<li>Diminuer le travail administratif de back office, qui n&rsquo;apporte pas une grande plus-value \u00e0 l&rsquo;usager. Pour se faire, r\u00e9duire le process administratif (sur-s\u00e9curit\u00e9, sur-contr\u00f4le, sur-sur\u2026), vraiment int\u00e9grer des process informatiques (pas simplement utiliser zoom et dire qu&rsquo;on est au top) avec des briques m\u00e9tiers pour un v\u00e9ritable ERP (Entreprise Ressources Process) et une maitrise de la data. D\u00e9velopper la culture manag\u00e9riale. Revenir peut \u00eatre aussi sur des missions plus prioritaires (sans oublier sport et culture, regardez mon parcours quand m\u00eame <img decoding=\"async\" draggable=\"false\" role=\"img\" class=\"emoji\" alt=\"\ud83d\ude09\" src=\"https:\/\/s.w.org\/images\/core\/emoji\/13.0.0\/svg\/1f609.svg\">). Et in fin\u00e9 apporter un service adapt\u00e9 et r\u00e9ussir \u00e0 r\u00e9duire le nombre de personnels sans trop rogner sur la qualit\u00e9 de service (bon l\u00e0 j&rsquo;en ai froiss\u00e9 certains mais c&rsquo;est un dossier d\u00e9j\u00e0 ouvert, et souvent pas tr\u00e8s bien d&rsquo;ailleurs, car le chapitre comptable O12 p\u00e8se fortement sur les charges de fonctionnement des collectivit\u00e9s)<\/li>\n<\/ul>\n<p><!-- \/wp:list --><\/p>\n<p><!-- wp:paragraph --><\/p>\n<p><br><\/p><p>Et vous vous en dites quoi en tant qu&rsquo;acteur du secteur public (Agents\/Elus) ?<\/p>\n<p><!-- \/wp:paragraph --><\/p>\n<p><!-- wp:paragraph --><\/p>\n<p>Et en tant que contribuable ?<\/p>\n<p><!-- \/wp:paragraph --><\/p>\n<p><!-- wp:paragraph --><\/p>\n<p>\u00ab\u00a0Tout ce qui en me tue pas me rend plus fort\u00a0\u00bb. Est-ce que cette citation de Nietzsche&nbsp; s&rsquo;applique aux Mairies, l&rsquo;avenir nous le dira mais rassurez vous \u00ab\u00a0la nature \u00e0 horreur du vide\u00a0\u00bb (Aristote).<\/p>\n<p><!-- \/wp:paragraph --><\/p>\t\t\t\t\t\t<\/div>\n\t\t\t\t<\/div>\n\t\t\t\t\t<\/div>\n\t\t<\/div>\n\t\t\t\t\t<\/div>\n\t\t<\/section>\n\t\t\t\t<\/div>\n\t\t","protected":false},"excerpt":{"rendered":"<p>En ce temps de pr\u00e9paration budg\u00e9taire pour l&rsquo;exercice 2023 le contexte est pesant et peu reluisant : Une inflation qui borde les 6% depuis le d\u00e9but de l&rsquo;ann\u00e9e et des concours financiers de l&rsquo;Etat qui ne sont pas index\u00e9s (ils sont malins \u00e0 Bercy avec il vont presque pouvoir r\u00e9cup\u00e9rer les 10 milliards d&rsquo;Euros qu&rsquo;ils&hellip;&nbsp;<a href=\"https:\/\/amvconseil.fr\/?p=672\" class=\"\" rel=\"bookmark\">Lire la suite &raquo;<span class=\"screen-reader-text\">Faut-il faire l&rsquo;autruche et attendre que la crise passe ?<\/span><\/a><\/p>\n","protected":false},"author":2,"featured_media":675,"comment_status":"closed","ping_status":"closed","sticky":false,"template":"","format":"standard","meta":[],"categories":[1],"tags":[],"yoast_head":"<!-- This site is optimized with the Yoast SEO plugin v21.1 - https:\/\/yoast.com\/wordpress\/plugins\/seo\/ -->\n<title>Faut-il faire l&#039;autruche et attendre que la crise passe ? -<\/title>\n<meta name=\"robots\" content=\"index, follow, max-snippet:-1, max-image-preview:large, max-video-preview:-1\" \/>\n<link rel=\"canonical\" href=\"http:\/\/amvconseil.fr\/?p=672\" \/>\n<meta property=\"og:locale\" content=\"fr_FR\" \/>\n<meta property=\"og:type\" content=\"article\" \/>\n<meta property=\"og:title\" content=\"Faut-il faire l&#039;autruche et attendre que la crise passe ? -\" \/>\n<meta property=\"og:description\" content=\"En ce temps de pr\u00e9paration budg\u00e9taire pour l&rsquo;exercice 2023 le contexte est pesant et peu reluisant : Une inflation qui borde les 6% depuis le d\u00e9but de l&rsquo;ann\u00e9e et des concours financiers de l&rsquo;Etat qui ne sont pas index\u00e9s (ils sont malins \u00e0 Bercy avec il vont presque pouvoir r\u00e9cup\u00e9rer les 10 milliards d&rsquo;Euros qu&rsquo;ils&hellip;&nbsp;Lire la suite &raquo;Faut-il faire l&rsquo;autruche et attendre que la crise passe ?\" \/>\n<meta property=\"og:url\" content=\"http:\/\/amvconseil.fr\/?p=672\" \/>\n<meta property=\"article:published_time\" content=\"2022-10-13T07:13:44+00:00\" \/>\n<meta property=\"article:modified_time\" content=\"2022-10-13T07:41:17+00:00\" \/>\n<meta property=\"og:image\" content=\"http:\/\/amvconseil.fr\/wp-content\/uploads\/2022\/10\/29695-mais-que-fait-elle-la-tete-en-bas-v2_article_big-4.jpg\" \/>\n\t<meta property=\"og:image:width\" content=\"1142\" \/>\n\t<meta property=\"og:image:height\" content=\"527\" \/>\n\t<meta property=\"og:image:type\" content=\"image\/jpeg\" \/>\n<meta name=\"author\" content=\"Bertrand Poitou\" \/>\n<meta name=\"twitter:card\" content=\"summary_large_image\" \/>\n<meta name=\"twitter:label1\" content=\"\u00c9crit par\" \/>\n\t<meta name=\"twitter:data1\" content=\"Bertrand Poitou\" \/>\n\t<meta name=\"twitter:label2\" content=\"Dur\u00e9e de lecture estim\u00e9e\" \/>\n\t<meta name=\"twitter:data2\" content=\"6 minutes\" \/>\n<script type=\"application\/ld+json\" class=\"yoast-schema-graph\">{\"@context\":\"https:\/\/schema.org\",\"@graph\":[{\"@type\":\"Article\",\"@id\":\"http:\/\/amvconseil.fr\/?p=672#article\",\"isPartOf\":{\"@id\":\"http:\/\/amvconseil.fr\/?p=672\"},\"author\":{\"name\":\"Bertrand Poitou\",\"@id\":\"http:\/\/amvconseil.fr\/#\/schema\/person\/31ca7e8bc482046f062131f4c050cb80\"},\"headline\":\"Faut-il faire l&rsquo;autruche et attendre que la crise passe ?\",\"datePublished\":\"2022-10-13T07:13:44+00:00\",\"dateModified\":\"2022-10-13T07:41:17+00:00\",\"mainEntityOfPage\":{\"@id\":\"http:\/\/amvconseil.fr\/?p=672\"},\"wordCount\":1143,\"publisher\":{\"@id\":\"http:\/\/amvconseil.fr\/#organization\"},\"inLanguage\":\"fr-FR\"},{\"@type\":\"WebPage\",\"@id\":\"http:\/\/amvconseil.fr\/?p=672\",\"url\":\"http:\/\/amvconseil.fr\/?p=672\",\"name\":\"Faut-il faire l'autruche et attendre que la crise passe ? -\",\"isPartOf\":{\"@id\":\"http:\/\/amvconseil.fr\/#website\"},\"datePublished\":\"2022-10-13T07:13:44+00:00\",\"dateModified\":\"2022-10-13T07:41:17+00:00\",\"breadcrumb\":{\"@id\":\"http:\/\/amvconseil.fr\/?p=672#breadcrumb\"},\"inLanguage\":\"fr-FR\",\"potentialAction\":[{\"@type\":\"ReadAction\",\"target\":[\"http:\/\/amvconseil.fr\/?p=672\"]}]},{\"@type\":\"BreadcrumbList\",\"@id\":\"http:\/\/amvconseil.fr\/?p=672#breadcrumb\",\"itemListElement\":[{\"@type\":\"ListItem\",\"position\":1,\"name\":\"Accueil\",\"item\":\"http:\/\/amvconseil.fr\/\"},{\"@type\":\"ListItem\",\"position\":2,\"name\":\"Faut-il faire l&rsquo;autruche et attendre que la crise passe ?\"}]},{\"@type\":\"WebSite\",\"@id\":\"http:\/\/amvconseil.fr\/#website\",\"url\":\"http:\/\/amvconseil.fr\/\",\"name\":\"AMV CONSEIL\",\"description\":\"\",\"publisher\":{\"@id\":\"http:\/\/amvconseil.fr\/#organization\"},\"potentialAction\":[{\"@type\":\"SearchAction\",\"target\":{\"@type\":\"EntryPoint\",\"urlTemplate\":\"http:\/\/amvconseil.fr\/?s={search_term_string}\"},\"query-input\":\"required name=search_term_string\"}],\"inLanguage\":\"fr-FR\"},{\"@type\":\"Organization\",\"@id\":\"http:\/\/amvconseil.fr\/#organization\",\"name\":\"AMV Conseil\",\"url\":\"http:\/\/amvconseil.fr\/\",\"logo\":{\"@type\":\"ImageObject\",\"inLanguage\":\"fr-FR\",\"@id\":\"http:\/\/amvconseil.fr\/#\/schema\/logo\/image\/\",\"url\":\"https:\/\/amvconseil.fr\/wp-content\/uploads\/2020\/05\/cropped-Fichier-106@0.75x-1.png\",\"contentUrl\":\"https:\/\/amvconseil.fr\/wp-content\/uploads\/2020\/05\/cropped-Fichier-106@0.75x-1.png\",\"width\":249,\"height\":46,\"caption\":\"AMV Conseil\"},\"image\":{\"@id\":\"http:\/\/amvconseil.fr\/#\/schema\/logo\/image\/\"},\"sameAs\":[\"https:\/\/www.linkedin.com\/in\/bertrand-poitou\/\"]},{\"@type\":\"Person\",\"@id\":\"http:\/\/amvconseil.fr\/#\/schema\/person\/31ca7e8bc482046f062131f4c050cb80\",\"name\":\"Bertrand Poitou\",\"sameAs\":[\"http:\/\/amv_conseil37\"],\"url\":\"https:\/\/amvconseil.fr\/?author=2\"}]}<\/script>\n<!-- \/ Yoast SEO plugin. -->","yoast_head_json":{"title":"Faut-il faire l'autruche et attendre que la crise passe ? -","robots":{"index":"index","follow":"follow","max-snippet":"max-snippet:-1","max-image-preview":"max-image-preview:large","max-video-preview":"max-video-preview:-1"},"canonical":"http:\/\/amvconseil.fr\/?p=672","og_locale":"fr_FR","og_type":"article","og_title":"Faut-il faire l'autruche et attendre que la crise passe ? -","og_description":"En ce temps de pr\u00e9paration budg\u00e9taire pour l&rsquo;exercice 2023 le contexte est pesant et peu reluisant : Une inflation qui borde les 6% depuis le d\u00e9but de l&rsquo;ann\u00e9e et des concours financiers de l&rsquo;Etat qui ne sont pas index\u00e9s (ils sont malins \u00e0 Bercy avec il vont presque pouvoir r\u00e9cup\u00e9rer les 10 milliards d&rsquo;Euros qu&rsquo;ils&hellip;&nbsp;Lire la suite &raquo;Faut-il faire l&rsquo;autruche et attendre que la crise passe ?","og_url":"http:\/\/amvconseil.fr\/?p=672","article_published_time":"2022-10-13T07:13:44+00:00","article_modified_time":"2022-10-13T07:41:17+00:00","og_image":[{"width":1142,"height":527,"url":"http:\/\/amvconseil.fr\/wp-content\/uploads\/2022\/10\/29695-mais-que-fait-elle-la-tete-en-bas-v2_article_big-4.jpg","type":"image\/jpeg"}],"author":"Bertrand Poitou","twitter_card":"summary_large_image","twitter_misc":{"\u00c9crit par":"Bertrand Poitou","Dur\u00e9e de lecture estim\u00e9e":"6 minutes"},"schema":{"@context":"https:\/\/schema.org","@graph":[{"@type":"Article","@id":"http:\/\/amvconseil.fr\/?p=672#article","isPartOf":{"@id":"http:\/\/amvconseil.fr\/?p=672"},"author":{"name":"Bertrand Poitou","@id":"http:\/\/amvconseil.fr\/#\/schema\/person\/31ca7e8bc482046f062131f4c050cb80"},"headline":"Faut-il faire l&rsquo;autruche et attendre que la crise passe ?","datePublished":"2022-10-13T07:13:44+00:00","dateModified":"2022-10-13T07:41:17+00:00","mainEntityOfPage":{"@id":"http:\/\/amvconseil.fr\/?p=672"},"wordCount":1143,"publisher":{"@id":"http:\/\/amvconseil.fr\/#organization"},"inLanguage":"fr-FR"},{"@type":"WebPage","@id":"http:\/\/amvconseil.fr\/?p=672","url":"http:\/\/amvconseil.fr\/?p=672","name":"Faut-il faire l'autruche et attendre que la crise passe ? -","isPartOf":{"@id":"http:\/\/amvconseil.fr\/#website"},"datePublished":"2022-10-13T07:13:44+00:00","dateModified":"2022-10-13T07:41:17+00:00","breadcrumb":{"@id":"http:\/\/amvconseil.fr\/?p=672#breadcrumb"},"inLanguage":"fr-FR","potentialAction":[{"@type":"ReadAction","target":["http:\/\/amvconseil.fr\/?p=672"]}]},{"@type":"BreadcrumbList","@id":"http:\/\/amvconseil.fr\/?p=672#breadcrumb","itemListElement":[{"@type":"ListItem","position":1,"name":"Accueil","item":"http:\/\/amvconseil.fr\/"},{"@type":"ListItem","position":2,"name":"Faut-il faire l&rsquo;autruche et attendre que la crise passe ?"}]},{"@type":"WebSite","@id":"http:\/\/amvconseil.fr\/#website","url":"http:\/\/amvconseil.fr\/","name":"AMV CONSEIL","description":"","publisher":{"@id":"http:\/\/amvconseil.fr\/#organization"},"potentialAction":[{"@type":"SearchAction","target":{"@type":"EntryPoint","urlTemplate":"http:\/\/amvconseil.fr\/?s={search_term_string}"},"query-input":"required name=search_term_string"}],"inLanguage":"fr-FR"},{"@type":"Organization","@id":"http:\/\/amvconseil.fr\/#organization","name":"AMV Conseil","url":"http:\/\/amvconseil.fr\/","logo":{"@type":"ImageObject","inLanguage":"fr-FR","@id":"http:\/\/amvconseil.fr\/#\/schema\/logo\/image\/","url":"https:\/\/amvconseil.fr\/wp-content\/uploads\/2020\/05\/cropped-Fichier-106@0.75x-1.png","contentUrl":"https:\/\/amvconseil.fr\/wp-content\/uploads\/2020\/05\/cropped-Fichier-106@0.75x-1.png","width":249,"height":46,"caption":"AMV Conseil"},"image":{"@id":"http:\/\/amvconseil.fr\/#\/schema\/logo\/image\/"},"sameAs":["https:\/\/www.linkedin.com\/in\/bertrand-poitou\/"]},{"@type":"Person","@id":"http:\/\/amvconseil.fr\/#\/schema\/person\/31ca7e8bc482046f062131f4c050cb80","name":"Bertrand Poitou","sameAs":["http:\/\/amv_conseil37"],"url":"https:\/\/amvconseil.fr\/?author=2"}]}},"_links":{"self":[{"href":"https:\/\/amvconseil.fr\/index.php?rest_route=\/wp\/v2\/posts\/672"}],"collection":[{"href":"https:\/\/amvconseil.fr\/index.php?rest_route=\/wp\/v2\/posts"}],"about":[{"href":"https:\/\/amvconseil.fr\/index.php?rest_route=\/wp\/v2\/types\/post"}],"author":[{"embeddable":true,"href":"https:\/\/amvconseil.fr\/index.php?rest_route=\/wp\/v2\/users\/2"}],"replies":[{"embeddable":true,"href":"https:\/\/amvconseil.fr\/index.php?rest_route=%2Fwp%2Fv2%2Fcomments&post=672"}],"version-history":[{"count":8,"href":"https:\/\/amvconseil.fr\/index.php?rest_route=\/wp\/v2\/posts\/672\/revisions"}],"predecessor-version":[{"id":686,"href":"https:\/\/amvconseil.fr\/index.php?rest_route=\/wp\/v2\/posts\/672\/revisions\/686"}],"wp:featuredmedia":[{"embeddable":true,"href":"https:\/\/amvconseil.fr\/index.php?rest_route=\/wp\/v2\/media\/675"}],"wp:attachment":[{"href":"https:\/\/amvconseil.fr\/index.php?rest_route=%2Fwp%2Fv2%2Fmedia&parent=672"}],"wp:term":[{"taxonomy":"category","embeddable":true,"href":"https:\/\/amvconseil.fr\/index.php?rest_route=%2Fwp%2Fv2%2Fcategories&post=672"},{"taxonomy":"post_tag","embeddable":true,"href":"https:\/\/amvconseil.fr\/index.php?rest_route=%2Fwp%2Fv2%2Ftags&post=672"}],"curies":[{"name":"wp","href":"https:\/\/api.w.org\/{rel}","templated":true}]}}