{"id":638,"date":"2022-05-16T10:20:56","date_gmt":"2022-05-16T08:20:56","guid":{"rendered":"http:\/\/amvconseil.fr\/?p=638"},"modified":"2022-05-16T10:29:25","modified_gmt":"2022-05-16T08:29:25","slug":"dans-votre-organisation-est-ce-que-vous-traitez-les-causes-ou-les-symptomes","status":"publish","type":"post","link":"https:\/\/amvconseil.fr\/?p=638","title":{"rendered":"Dans votre organisation, est-ce que vous traitez les causes ou les sympt\u00f4mes ?"},"content":{"rendered":"\t\t<div data-elementor-type=\"wp-post\" data-elementor-id=\"638\" class=\"elementor elementor-638\">\n\t\t\t\t\t\t<section class=\"elementor-section elementor-top-section elementor-element elementor-element-2f7593ae elementor-section-boxed elementor-section-height-default elementor-section-height-default\" data-id=\"2f7593ae\" data-element_type=\"section\">\n\t\t\t\t\t\t<div class=\"elementor-container elementor-column-gap-default\">\n\t\t\t\t\t<div class=\"elementor-column elementor-col-100 elementor-top-column elementor-element elementor-element-7722cb10\" data-id=\"7722cb10\" data-element_type=\"column\">\n\t\t\t<div class=\"elementor-widget-wrap elementor-element-populated\">\n\t\t\t\t\t\t<div class=\"elementor-element elementor-element-6913b91f elementor-widget elementor-widget-text-editor\" data-id=\"6913b91f\" data-element_type=\"widget\" data-widget_type=\"text-editor.default\">\n\t\t\t\t<div class=\"elementor-widget-container\">\n\t\t\t\t\t\t\t<!-- wp:paragraph -->\n<p>Comment savoir si votre organisation est en bonne sant\u00e9 ?<br>Si votre vision est partag\u00e9e par vos coll\u00e8gues, vos responsables ?<\/p>\n<!-- \/wp:paragraph -->\n\n<!-- wp:paragraph -->\n<p>S&rsquo;int\u00e9resser aux sympt\u00f4mes, c&rsquo;est un r\u00e9flexe logique.<br>Analyser le tableau clinique dans son ensemble, c&rsquo;est vital !<\/p>\n<!-- \/wp:paragraph -->\n\n<!-- wp:paragraph -->\n<p>Un exemple ?<\/p>\n<!-- \/wp:paragraph -->\n\n<!-- wp:paragraph -->\n<p>Beno\u00eet, 35 ans, est un jour soudainement saisi de vertiges avec troubles de la vision alors qu&rsquo;il fait son footing quotidien.<br>Il est oblig\u00e9 de s&rsquo;arr\u00eater et rentre chez lui lorsqu&rsquo;une terrible migraine surgit.<br>Paniqu\u00e9, il regarde sur internet pour essayer de comprendre ce qui lui arrive. Le verdict est sans appel : il est probablement en train de faire un AVC ou pire, il a une tumeur !<\/p>\n<!-- \/wp:paragraph -->\n\n<!-- wp:paragraph -->\n<p>Beno\u00eet appelle son m\u00e9decin en panique.<br>Celui-ci le re\u00e7oit et l&rsquo;interroge calmement sur les circonstances de l&rsquo;incident. Il prend le temps de questionner son patient sur ses ant\u00e9c\u00e9dents, familiaux et personnels.<br>Il fait un examen pouss\u00e9, bien entendu. \ud83e\ude7a<\/p>\n<!-- \/wp:paragraph -->\n\n<!-- wp:paragraph -->\n<p>Le diagnostic du m\u00e9decin au terme de la consultation ?<br>Beno\u00eet souffre d&rsquo;une migraine ophtalmique. Oubli\u00e9s l&rsquo;AVC ou la tumeur !<\/p>\n<!-- \/wp:paragraph -->\n\n<!-- wp:paragraph -->\n<p>Souvent nous nous concentrons sur les sympt\u00f4mes qui sont tr\u00e8s visibles et nous en tirons des conclusions trop h\u00e2tives.<br>Pour autant le rem\u00e8de prescrit est-il le plus adapt\u00e9&nbsp;? \ud83d\udc8a<br>Dans votre organisation, est-ce que vous traitez les causes ou les sympt\u00f4mes&nbsp;?<\/p>\n<!-- \/wp:paragraph -->\n\n<!-- wp:paragraph -->\n<p>Avec nos outils et nos m\u00e9thodes, nous vous proposons une analyse situationnelle compl\u00e8te pour&nbsp;:<\/p>\n<!-- \/wp:paragraph -->\n\n<!-- wp:paragraph -->\n<p>\u2705 Avant tout, prendre conscience de ce qui va \u00e0 cot\u00e9, de ce qui fonctionne, pour vous appuyer dessus et g\u00e9rer les p\u00e9riodes difficiles&nbsp;!<br>\u2705 Identifier clairement les sympt\u00f4mes, m\u00eame ceux qui vous \u00e9chappent<br>\u2705 Diagnostiquer les causes fonctionnelles, les vraies !<br>\u2705 \u00c9tablir une feuille de route efficace pour aller mieux<\/p>\n<!-- \/wp:paragraph -->\n\n<!-- wp:paragraph -->\n<p>Alors, elle date de quand votre derni\u00e8re prise de sang syst\u00e9mique ? \ud83d\udc89<\/p>\n<!-- \/wp:paragraph -->\n\n<!-- wp:paragraph -->\n<p><a href=\"http:\/\/www.amvconseil.fr\/\">http:\/\/www.amvconseil.fr\/<\/a><br>\ud83d\udce7 :&nbsp;<a href=\"mailto:bpoitou@amvconseil.fr\">bpoitou@amvconseil.fr<\/a><br>\ud83d\udcde : 0760706909<\/p>\n<!-- \/wp:paragraph -->\n\n<!-- wp:paragraph -->\n<p><a href=\"https:\/\/www.linkedin.com\/feed\/hashtag\/?keywords=management&amp;highlightedUpdateUrns=urn%3Ali%3Aactivity%3A6927144833526448128\">#management<\/a><a href=\"https:\/\/www.linkedin.com\/feed\/hashtag\/?keywords=organisations&amp;highlightedUpdateUrns=urn%3Ali%3Aactivity%3A6927144833526448128\">#organisations<\/a><a href=\"https:\/\/www.linkedin.com\/feed\/hashtag\/?keywords=travaillerautrement&amp;highlightedUpdateUrns=urn%3Ali%3Aactivity%3A6927144833526448128\">#travaillerautrement<\/a><a href=\"https:\/\/www.linkedin.com\/feed\/hashtag\/?keywords=gestiondeprojet&amp;highlightedUpdateUrns=urn%3Ali%3Aactivity%3A6927144833526448128\">#gestiondeprojet<\/a><\/p>\n<!-- \/wp:paragraph -->\t\t\t\t\t\t<\/div>\n\t\t\t\t<\/div>\n\t\t\t\t\t<\/div>\n\t\t<\/div>\n\t\t\t\t\t<\/div>\n\t\t<\/section>\n\t\t\t\t<section class=\"elementor-section elementor-top-section elementor-element elementor-element-8e95a96 elementor-section-boxed elementor-section-height-default elementor-section-height-default\" data-id=\"8e95a96\" data-element_type=\"section\">\n\t\t\t\t\t\t<div class=\"elementor-container elementor-column-gap-default\">\n\t\t\t\t\t<div class=\"elementor-column elementor-col-100 elementor-top-column elementor-element elementor-element-e943ea6\" data-id=\"e943ea6\" data-element_type=\"column\">\n\t\t\t<div class=\"elementor-widget-wrap elementor-element-populated\">\n\t\t\t\t\t\t<div class=\"elementor-element elementor-element-c912a35 elementor-widget elementor-widget-image\" data-id=\"c912a35\" data-element_type=\"widget\" data-widget_type=\"image.default\">\n\t\t\t\t<div class=\"elementor-widget-container\">\n\t\t\t\t\t\t\t\t\t\t\t\t\t<img decoding=\"async\" width=\"107\" height=\"107\" src=\"https:\/\/amvconseil.fr\/wp-content\/uploads\/2020\/05\/Fichier-40@3x.png\" class=\"attachment-large size-large wp-image-176\" alt=\"\" \/>\t\t\t\t\t\t\t\t\t\t\t\t\t<\/div>\n\t\t\t\t<\/div>\n\t\t\t\t\t<\/div>\n\t\t<\/div>\n\t\t\t\t\t<\/div>\n\t\t<\/section>\n\t\t\t\t<\/div>\n\t\t","protected":false},"excerpt":{"rendered":"<p>Comment savoir si votre organisation est en bonne sant\u00e9 ?Si votre vision est partag\u00e9e par vos coll\u00e8gues, vos responsables ? S&rsquo;int\u00e9resser aux sympt\u00f4mes, c&rsquo;est un r\u00e9flexe logique.Analyser le tableau clinique dans son ensemble, c&rsquo;est vital ! Un exemple ? Beno\u00eet, 35 ans, est un jour soudainement saisi de vertiges avec troubles de la vision alors&hellip;&nbsp;<a href=\"https:\/\/amvconseil.fr\/?p=638\" class=\"\" rel=\"bookmark\">Lire la suite &raquo;<span class=\"screen-reader-text\">Dans votre organisation, est-ce que vous traitez les causes ou les sympt\u00f4mes ?<\/span><\/a><\/p>\n","protected":false},"author":2,"featured_media":642,"comment_status":"closed","ping_status":"closed","sticky":false,"template":"","format":"standard","meta":[],"categories":[1],"tags":[],"yoast_head":"<!-- This site is optimized with the Yoast SEO plugin v21.1 - https:\/\/yoast.com\/wordpress\/plugins\/seo\/ -->\n<title>Dans votre organisation, est-ce que vous traitez les causes ou les sympt\u00f4mes ? -<\/title>\n<meta name=\"robots\" content=\"index, follow, max-snippet:-1, max-image-preview:large, max-video-preview:-1\" \/>\n<link rel=\"canonical\" href=\"https:\/\/amvconseil.fr\/?p=638\" \/>\n<meta property=\"og:locale\" content=\"fr_FR\" \/>\n<meta property=\"og:type\" content=\"article\" \/>\n<meta property=\"og:title\" content=\"Dans votre organisation, est-ce que vous traitez les causes ou les sympt\u00f4mes ? -\" \/>\n<meta property=\"og:description\" content=\"Comment savoir si votre organisation est en bonne sant\u00e9 ?Si votre vision est partag\u00e9e par vos coll\u00e8gues, vos responsables ? S&rsquo;int\u00e9resser aux sympt\u00f4mes, c&rsquo;est un r\u00e9flexe logique.Analyser le tableau clinique dans son ensemble, c&rsquo;est vital ! Un exemple ? Beno\u00eet, 35 ans, est un jour soudainement saisi de vertiges avec troubles de la vision alors&hellip;&nbsp;Lire la suite &raquo;Dans votre organisation, est-ce que vous traitez les causes ou les sympt\u00f4mes ?\" \/>\n<meta property=\"og:url\" content=\"https:\/\/amvconseil.fr\/?p=638\" \/>\n<meta property=\"article:published_time\" content=\"2022-05-16T08:20:56+00:00\" \/>\n<meta property=\"article:modified_time\" content=\"2022-05-16T08:29:25+00:00\" \/>\n<meta property=\"og:image\" content=\"https:\/\/amvconseil.fr\/wp-content\/uploads\/2022\/05\/cause_symptome.jpeg\" \/>\n\t<meta property=\"og:image:width\" content=\"275\" \/>\n\t<meta property=\"og:image:height\" content=\"183\" \/>\n\t<meta property=\"og:image:type\" content=\"image\/jpeg\" \/>\n<meta name=\"author\" content=\"Bertrand Poitou\" \/>\n<meta name=\"twitter:card\" content=\"summary_large_image\" \/>\n<meta name=\"twitter:label1\" content=\"\u00c9crit par\" \/>\n\t<meta name=\"twitter:data1\" content=\"Bertrand Poitou\" \/>\n\t<meta name=\"twitter:label2\" content=\"Dur\u00e9e de lecture estim\u00e9e\" \/>\n\t<meta name=\"twitter:data2\" content=\"2 minutes\" \/>\n<script type=\"application\/ld+json\" class=\"yoast-schema-graph\">{\"@context\":\"https:\/\/schema.org\",\"@graph\":[{\"@type\":\"Article\",\"@id\":\"https:\/\/amvconseil.fr\/?p=638#article\",\"isPartOf\":{\"@id\":\"https:\/\/amvconseil.fr\/?p=638\"},\"author\":{\"name\":\"Bertrand Poitou\",\"@id\":\"http:\/\/amvconseil.fr\/#\/schema\/person\/31ca7e8bc482046f062131f4c050cb80\"},\"headline\":\"Dans votre organisation, est-ce que vous traitez les causes ou les sympt\u00f4mes ?\",\"datePublished\":\"2022-05-16T08:20:56+00:00\",\"dateModified\":\"2022-05-16T08:29:25+00:00\",\"mainEntityOfPage\":{\"@id\":\"https:\/\/amvconseil.fr\/?p=638\"},\"wordCount\":328,\"publisher\":{\"@id\":\"http:\/\/amvconseil.fr\/#organization\"},\"inLanguage\":\"fr-FR\"},{\"@type\":\"WebPage\",\"@id\":\"https:\/\/amvconseil.fr\/?p=638\",\"url\":\"https:\/\/amvconseil.fr\/?p=638\",\"name\":\"Dans votre organisation, est-ce que vous traitez les causes ou les sympt\u00f4mes ? -\",\"isPartOf\":{\"@id\":\"http:\/\/amvconseil.fr\/#website\"},\"datePublished\":\"2022-05-16T08:20:56+00:00\",\"dateModified\":\"2022-05-16T08:29:25+00:00\",\"breadcrumb\":{\"@id\":\"https:\/\/amvconseil.fr\/?p=638#breadcrumb\"},\"inLanguage\":\"fr-FR\",\"potentialAction\":[{\"@type\":\"ReadAction\",\"target\":[\"https:\/\/amvconseil.fr\/?p=638\"]}]},{\"@type\":\"BreadcrumbList\",\"@id\":\"https:\/\/amvconseil.fr\/?p=638#breadcrumb\",\"itemListElement\":[{\"@type\":\"ListItem\",\"position\":1,\"name\":\"Accueil\",\"item\":\"http:\/\/amvconseil.fr\/\"},{\"@type\":\"ListItem\",\"position\":2,\"name\":\"Dans votre organisation, est-ce que vous traitez les causes ou les sympt\u00f4mes ?\"}]},{\"@type\":\"WebSite\",\"@id\":\"http:\/\/amvconseil.fr\/#website\",\"url\":\"http:\/\/amvconseil.fr\/\",\"name\":\"AMV CONSEIL\",\"description\":\"\",\"publisher\":{\"@id\":\"http:\/\/amvconseil.fr\/#organization\"},\"potentialAction\":[{\"@type\":\"SearchAction\",\"target\":{\"@type\":\"EntryPoint\",\"urlTemplate\":\"http:\/\/amvconseil.fr\/?s={search_term_string}\"},\"query-input\":\"required name=search_term_string\"}],\"inLanguage\":\"fr-FR\"},{\"@type\":\"Organization\",\"@id\":\"http:\/\/amvconseil.fr\/#organization\",\"name\":\"AMV Conseil\",\"url\":\"http:\/\/amvconseil.fr\/\",\"logo\":{\"@type\":\"ImageObject\",\"inLanguage\":\"fr-FR\",\"@id\":\"http:\/\/amvconseil.fr\/#\/schema\/logo\/image\/\",\"url\":\"https:\/\/amvconseil.fr\/wp-content\/uploads\/2020\/05\/cropped-Fichier-106@0.75x-1.png\",\"contentUrl\":\"https:\/\/amvconseil.fr\/wp-content\/uploads\/2020\/05\/cropped-Fichier-106@0.75x-1.png\",\"width\":249,\"height\":46,\"caption\":\"AMV Conseil\"},\"image\":{\"@id\":\"http:\/\/amvconseil.fr\/#\/schema\/logo\/image\/\"},\"sameAs\":[\"https:\/\/www.linkedin.com\/in\/bertrand-poitou\/\"]},{\"@type\":\"Person\",\"@id\":\"http:\/\/amvconseil.fr\/#\/schema\/person\/31ca7e8bc482046f062131f4c050cb80\",\"name\":\"Bertrand Poitou\",\"sameAs\":[\"http:\/\/amv_conseil37\"],\"url\":\"https:\/\/amvconseil.fr\/?author=2\"}]}<\/script>\n<!-- \/ Yoast SEO plugin. -->","yoast_head_json":{"title":"Dans votre organisation, est-ce que vous traitez les causes ou les sympt\u00f4mes ? -","robots":{"index":"index","follow":"follow","max-snippet":"max-snippet:-1","max-image-preview":"max-image-preview:large","max-video-preview":"max-video-preview:-1"},"canonical":"https:\/\/amvconseil.fr\/?p=638","og_locale":"fr_FR","og_type":"article","og_title":"Dans votre organisation, est-ce que vous traitez les causes ou les sympt\u00f4mes ? -","og_description":"Comment savoir si votre organisation est en bonne sant\u00e9 ?Si votre vision est partag\u00e9e par vos coll\u00e8gues, vos responsables ? S&rsquo;int\u00e9resser aux sympt\u00f4mes, c&rsquo;est un r\u00e9flexe logique.Analyser le tableau clinique dans son ensemble, c&rsquo;est vital ! Un exemple ? Beno\u00eet, 35 ans, est un jour soudainement saisi de vertiges avec troubles de la vision alors&hellip;&nbsp;Lire la suite &raquo;Dans votre organisation, est-ce que vous traitez les causes ou les sympt\u00f4mes ?","og_url":"https:\/\/amvconseil.fr\/?p=638","article_published_time":"2022-05-16T08:20:56+00:00","article_modified_time":"2022-05-16T08:29:25+00:00","og_image":[{"width":275,"height":183,"url":"https:\/\/amvconseil.fr\/wp-content\/uploads\/2022\/05\/cause_symptome.jpeg","type":"image\/jpeg"}],"author":"Bertrand Poitou","twitter_card":"summary_large_image","twitter_misc":{"\u00c9crit par":"Bertrand Poitou","Dur\u00e9e de lecture estim\u00e9e":"2 minutes"},"schema":{"@context":"https:\/\/schema.org","@graph":[{"@type":"Article","@id":"https:\/\/amvconseil.fr\/?p=638#article","isPartOf":{"@id":"https:\/\/amvconseil.fr\/?p=638"},"author":{"name":"Bertrand Poitou","@id":"http:\/\/amvconseil.fr\/#\/schema\/person\/31ca7e8bc482046f062131f4c050cb80"},"headline":"Dans votre organisation, est-ce que vous traitez les causes ou les sympt\u00f4mes ?","datePublished":"2022-05-16T08:20:56+00:00","dateModified":"2022-05-16T08:29:25+00:00","mainEntityOfPage":{"@id":"https:\/\/amvconseil.fr\/?p=638"},"wordCount":328,"publisher":{"@id":"http:\/\/amvconseil.fr\/#organization"},"inLanguage":"fr-FR"},{"@type":"WebPage","@id":"https:\/\/amvconseil.fr\/?p=638","url":"https:\/\/amvconseil.fr\/?p=638","name":"Dans votre organisation, est-ce que vous traitez les causes ou les sympt\u00f4mes ? -","isPartOf":{"@id":"http:\/\/amvconseil.fr\/#website"},"datePublished":"2022-05-16T08:20:56+00:00","dateModified":"2022-05-16T08:29:25+00:00","breadcrumb":{"@id":"https:\/\/amvconseil.fr\/?p=638#breadcrumb"},"inLanguage":"fr-FR","potentialAction":[{"@type":"ReadAction","target":["https:\/\/amvconseil.fr\/?p=638"]}]},{"@type":"BreadcrumbList","@id":"https:\/\/amvconseil.fr\/?p=638#breadcrumb","itemListElement":[{"@type":"ListItem","position":1,"name":"Accueil","item":"http:\/\/amvconseil.fr\/"},{"@type":"ListItem","position":2,"name":"Dans votre organisation, est-ce que vous traitez les causes ou les sympt\u00f4mes ?"}]},{"@type":"WebSite","@id":"http:\/\/amvconseil.fr\/#website","url":"http:\/\/amvconseil.fr\/","name":"AMV CONSEIL","description":"","publisher":{"@id":"http:\/\/amvconseil.fr\/#organization"},"potentialAction":[{"@type":"SearchAction","target":{"@type":"EntryPoint","urlTemplate":"http:\/\/amvconseil.fr\/?s={search_term_string}"},"query-input":"required name=search_term_string"}],"inLanguage":"fr-FR"},{"@type":"Organization","@id":"http:\/\/amvconseil.fr\/#organization","name":"AMV Conseil","url":"http:\/\/amvconseil.fr\/","logo":{"@type":"ImageObject","inLanguage":"fr-FR","@id":"http:\/\/amvconseil.fr\/#\/schema\/logo\/image\/","url":"https:\/\/amvconseil.fr\/wp-content\/uploads\/2020\/05\/cropped-Fichier-106@0.75x-1.png","contentUrl":"https:\/\/amvconseil.fr\/wp-content\/uploads\/2020\/05\/cropped-Fichier-106@0.75x-1.png","width":249,"height":46,"caption":"AMV Conseil"},"image":{"@id":"http:\/\/amvconseil.fr\/#\/schema\/logo\/image\/"},"sameAs":["https:\/\/www.linkedin.com\/in\/bertrand-poitou\/"]},{"@type":"Person","@id":"http:\/\/amvconseil.fr\/#\/schema\/person\/31ca7e8bc482046f062131f4c050cb80","name":"Bertrand Poitou","sameAs":["http:\/\/amv_conseil37"],"url":"https:\/\/amvconseil.fr\/?author=2"}]}},"_links":{"self":[{"href":"https:\/\/amvconseil.fr\/index.php?rest_route=\/wp\/v2\/posts\/638"}],"collection":[{"href":"https:\/\/amvconseil.fr\/index.php?rest_route=\/wp\/v2\/posts"}],"about":[{"href":"https:\/\/amvconseil.fr\/index.php?rest_route=\/wp\/v2\/types\/post"}],"author":[{"embeddable":true,"href":"https:\/\/amvconseil.fr\/index.php?rest_route=\/wp\/v2\/users\/2"}],"replies":[{"embeddable":true,"href":"https:\/\/amvconseil.fr\/index.php?rest_route=%2Fwp%2Fv2%2Fcomments&post=638"}],"version-history":[{"count":5,"href":"https:\/\/amvconseil.fr\/index.php?rest_route=\/wp\/v2\/posts\/638\/revisions"}],"predecessor-version":[{"id":646,"href":"https:\/\/amvconseil.fr\/index.php?rest_route=\/wp\/v2\/posts\/638\/revisions\/646"}],"wp:featuredmedia":[{"embeddable":true,"href":"https:\/\/amvconseil.fr\/index.php?rest_route=\/wp\/v2\/media\/642"}],"wp:attachment":[{"href":"https:\/\/amvconseil.fr\/index.php?rest_route=%2Fwp%2Fv2%2Fmedia&parent=638"}],"wp:term":[{"taxonomy":"category","embeddable":true,"href":"https:\/\/amvconseil.fr\/index.php?rest_route=%2Fwp%2Fv2%2Fcategories&post=638"},{"taxonomy":"post_tag","embeddable":true,"href":"https:\/\/amvconseil.fr\/index.php?rest_route=%2Fwp%2Fv2%2Ftags&post=638"}],"curies":[{"name":"wp","href":"https:\/\/api.w.org\/{rel}","templated":true}]}}