{"id":632,"date":"2021-06-12T17:55:25","date_gmt":"2021-06-12T15:55:25","guid":{"rendered":"http:\/\/amvconseil.fr\/?p=632"},"modified":"2021-06-12T18:16:39","modified_gmt":"2021-06-12T16:16:39","slug":"video-de-gilles-augereau-maire-de-veretz-37-suite-a-une-animation-dequipe-avec-la-process-communication","status":"publish","type":"post","link":"https:\/\/amvconseil.fr\/?p=632","title":{"rendered":"Vid\u00e9o de Gilles Augereau, Maire de V\u00e9retz (37) suite \u00e0 une animation d&rsquo;\u00e9quipe avec la Process Communication"},"content":{"rendered":"\t\t<div data-elementor-type=\"wp-post\" data-elementor-id=\"632\" class=\"elementor elementor-632\">\n\t\t\t\t\t\t<section class=\"elementor-section elementor-top-section elementor-element elementor-element-59751b70 elementor-section-boxed elementor-section-height-default elementor-section-height-default\" data-id=\"59751b70\" data-element_type=\"section\">\n\t\t\t\t\t\t<div class=\"elementor-container elementor-column-gap-default\">\n\t\t\t\t\t<div class=\"elementor-column elementor-col-100 elementor-top-column elementor-element elementor-element-6d14344f\" data-id=\"6d14344f\" data-element_type=\"column\">\n\t\t\t<div class=\"elementor-widget-wrap elementor-element-populated\">\n\t\t\t\t\t\t<div class=\"elementor-element elementor-element-5b5b3f85 elementor-widget elementor-widget-text-editor\" data-id=\"5b5b3f85\" data-element_type=\"widget\" data-widget_type=\"text-editor.default\">\n\t\t\t\t<div class=\"elementor-widget-container\">\n\t\t\t\t\t\t\t<p><!-- wp:paragraph --><\/p>\n<p>Mieux que les longs discours, une vid\u00e9o qui r\u00e9sume bien l&rsquo;impact et l&rsquo;int\u00e9r\u00eat de comprendre et utiliser la Process Communication dans le quotidien de la gestion des \u00e9quipes.<\/p><p>Merci \u00e0 Gilles Augereau !<\/p>\n<p><!-- \/wp:paragraph --><\/p>\t\t\t\t\t\t<\/div>\n\t\t\t\t<\/div>\n\t\t\t\t\t<\/div>\n\t\t<\/div>\n\t\t\t\t\t<\/div>\n\t\t<\/section>\n\t\t\t\t<section class=\"elementor-section elementor-top-section elementor-element elementor-element-a7e24f0 elementor-section-boxed elementor-section-height-default elementor-section-height-default\" data-id=\"a7e24f0\" data-element_type=\"section\">\n\t\t\t\t\t\t<div class=\"elementor-container elementor-column-gap-default\">\n\t\t\t\t\t<div class=\"elementor-column elementor-col-100 elementor-top-column elementor-element elementor-element-f0ce415\" data-id=\"f0ce415\" data-element_type=\"column\">\n\t\t\t<div class=\"elementor-widget-wrap elementor-element-populated\">\n\t\t\t\t\t\t<div class=\"elementor-element elementor-element-1c910c9 elementor-widget elementor-widget-video\" data-id=\"1c910c9\" data-element_type=\"widget\" data-settings=\"{&quot;video_type&quot;:&quot;hosted&quot;,&quot;controls&quot;:&quot;yes&quot;}\" data-widget_type=\"video.default\">\n\t\t\t\t<div class=\"elementor-widget-container\">\n\t\t\t\t\t<div class=\"e-hosted-video elementor-wrapper elementor-open-inline\">\n\t\t\t\t\t<video class=\"elementor-video\" src=\"http:\/\/amvconseil.fr\/wp-content\/uploads\/2021\/06\/Gillesaugereaulinkedin-Copie-1.m4v\" controls=\"\" preload=\"metadata\" controlsList=\"nodownload\"><\/video>\n\t\t\t\t<\/div>\n\t\t\t\t<\/div>\n\t\t\t\t<\/div>\n\t\t\t\t\t<\/div>\n\t\t<\/div>\n\t\t\t\t\t<\/div>\n\t\t<\/section>\n\t\t\t\t<\/div>\n\t\t","protected":false},"excerpt":{"rendered":"<p>Mieux que les longs discours, une vid\u00e9o qui r\u00e9sume bien l&rsquo;impact et l&rsquo;int\u00e9r\u00eat de comprendre et utiliser la Process Communication dans le quotidien de la gestion des \u00e9quipes. Merci \u00e0 Gilles Augereau ! http:\/\/amvconseil.fr\/wp-content\/uploads\/2021\/06\/Gillesaugereaulinkedin-Copie-1.m4v<\/p>\n","protected":false},"author":2,"featured_media":0,"comment_status":"closed","ping_status":"closed","sticky":false,"template":"","format":"standard","meta":[],"categories":[1],"tags":[],"yoast_head":"<!-- This site is optimized with the Yoast SEO plugin v21.1 - https:\/\/yoast.com\/wordpress\/plugins\/seo\/ -->\n<title>Vid\u00e9o de Gilles Augereau, Maire de V\u00e9retz (37) suite \u00e0 une animation d&#039;\u00e9quipe avec la Process Communication -<\/title>\n<meta name=\"robots\" content=\"index, follow, max-snippet:-1, max-image-preview:large, max-video-preview:-1\" \/>\n<link rel=\"canonical\" href=\"https:\/\/amvconseil.fr\/?p=632\" \/>\n<meta property=\"og:locale\" content=\"fr_FR\" \/>\n<meta property=\"og:type\" content=\"article\" \/>\n<meta property=\"og:title\" content=\"Vid\u00e9o de Gilles Augereau, Maire de V\u00e9retz (37) suite \u00e0 une animation d&#039;\u00e9quipe avec la Process Communication -\" \/>\n<meta property=\"og:description\" content=\"Mieux que les longs discours, une vid\u00e9o qui r\u00e9sume bien l&rsquo;impact et l&rsquo;int\u00e9r\u00eat de comprendre et utiliser la Process Communication dans le quotidien de la gestion des \u00e9quipes. Merci \u00e0 Gilles Augereau ! http:\/\/amvconseil.fr\/wp-content\/uploads\/2021\/06\/Gillesaugereaulinkedin-Copie-1.m4v\" \/>\n<meta property=\"og:url\" content=\"https:\/\/amvconseil.fr\/?p=632\" \/>\n<meta property=\"article:published_time\" content=\"2021-06-12T15:55:25+00:00\" \/>\n<meta property=\"article:modified_time\" content=\"2021-06-12T16:16:39+00:00\" \/>\n<meta name=\"author\" content=\"Bertrand Poitou\" \/>\n<meta name=\"twitter:card\" content=\"summary_large_image\" \/>\n<meta name=\"twitter:label1\" content=\"\u00c9crit par\" \/>\n\t<meta name=\"twitter:data1\" content=\"Bertrand Poitou\" \/>\n<script type=\"application\/ld+json\" class=\"yoast-schema-graph\">{\"@context\":\"https:\/\/schema.org\",\"@graph\":[{\"@type\":\"Article\",\"@id\":\"https:\/\/amvconseil.fr\/?p=632#article\",\"isPartOf\":{\"@id\":\"https:\/\/amvconseil.fr\/?p=632\"},\"author\":{\"name\":\"Bertrand Poitou\",\"@id\":\"http:\/\/amvconseil.fr\/#\/schema\/person\/31ca7e8bc482046f062131f4c050cb80\"},\"headline\":\"Vid\u00e9o de Gilles Augereau, Maire de V\u00e9retz (37) suite \u00e0 une animation d&rsquo;\u00e9quipe avec la Process Communication\",\"datePublished\":\"2021-06-12T15:55:25+00:00\",\"dateModified\":\"2021-06-12T16:16:39+00:00\",\"mainEntityOfPage\":{\"@id\":\"https:\/\/amvconseil.fr\/?p=632\"},\"wordCount\":61,\"publisher\":{\"@id\":\"http:\/\/amvconseil.fr\/#organization\"},\"inLanguage\":\"fr-FR\"},{\"@type\":\"WebPage\",\"@id\":\"https:\/\/amvconseil.fr\/?p=632\",\"url\":\"https:\/\/amvconseil.fr\/?p=632\",\"name\":\"Vid\u00e9o de Gilles Augereau, Maire de V\u00e9retz (37) suite \u00e0 une animation d'\u00e9quipe avec la Process Communication -\",\"isPartOf\":{\"@id\":\"http:\/\/amvconseil.fr\/#website\"},\"datePublished\":\"2021-06-12T15:55:25+00:00\",\"dateModified\":\"2021-06-12T16:16:39+00:00\",\"breadcrumb\":{\"@id\":\"https:\/\/amvconseil.fr\/?p=632#breadcrumb\"},\"inLanguage\":\"fr-FR\",\"potentialAction\":[{\"@type\":\"ReadAction\",\"target\":[\"https:\/\/amvconseil.fr\/?p=632\"]}]},{\"@type\":\"BreadcrumbList\",\"@id\":\"https:\/\/amvconseil.fr\/?p=632#breadcrumb\",\"itemListElement\":[{\"@type\":\"ListItem\",\"position\":1,\"name\":\"Accueil\",\"item\":\"http:\/\/amvconseil.fr\/\"},{\"@type\":\"ListItem\",\"position\":2,\"name\":\"Vid\u00e9o de Gilles Augereau, Maire de V\u00e9retz (37) suite \u00e0 une animation d&rsquo;\u00e9quipe avec la Process Communication\"}]},{\"@type\":\"WebSite\",\"@id\":\"http:\/\/amvconseil.fr\/#website\",\"url\":\"http:\/\/amvconseil.fr\/\",\"name\":\"AMV CONSEIL\",\"description\":\"\",\"publisher\":{\"@id\":\"http:\/\/amvconseil.fr\/#organization\"},\"potentialAction\":[{\"@type\":\"SearchAction\",\"target\":{\"@type\":\"EntryPoint\",\"urlTemplate\":\"http:\/\/amvconseil.fr\/?s={search_term_string}\"},\"query-input\":\"required name=search_term_string\"}],\"inLanguage\":\"fr-FR\"},{\"@type\":\"Organization\",\"@id\":\"http:\/\/amvconseil.fr\/#organization\",\"name\":\"AMV Conseil\",\"url\":\"http:\/\/amvconseil.fr\/\",\"logo\":{\"@type\":\"ImageObject\",\"inLanguage\":\"fr-FR\",\"@id\":\"http:\/\/amvconseil.fr\/#\/schema\/logo\/image\/\",\"url\":\"https:\/\/amvconseil.fr\/wp-content\/uploads\/2020\/05\/cropped-Fichier-106@0.75x-1.png\",\"contentUrl\":\"https:\/\/amvconseil.fr\/wp-content\/uploads\/2020\/05\/cropped-Fichier-106@0.75x-1.png\",\"width\":249,\"height\":46,\"caption\":\"AMV Conseil\"},\"image\":{\"@id\":\"http:\/\/amvconseil.fr\/#\/schema\/logo\/image\/\"},\"sameAs\":[\"https:\/\/www.linkedin.com\/in\/bertrand-poitou\/\"]},{\"@type\":\"Person\",\"@id\":\"http:\/\/amvconseil.fr\/#\/schema\/person\/31ca7e8bc482046f062131f4c050cb80\",\"name\":\"Bertrand Poitou\",\"sameAs\":[\"http:\/\/amv_conseil37\"],\"url\":\"https:\/\/amvconseil.fr\/?author=2\"}]}<\/script>\n<!-- \/ Yoast SEO plugin. -->","yoast_head_json":{"title":"Vid\u00e9o de Gilles Augereau, Maire de V\u00e9retz (37) suite \u00e0 une animation d'\u00e9quipe avec la Process Communication -","robots":{"index":"index","follow":"follow","max-snippet":"max-snippet:-1","max-image-preview":"max-image-preview:large","max-video-preview":"max-video-preview:-1"},"canonical":"https:\/\/amvconseil.fr\/?p=632","og_locale":"fr_FR","og_type":"article","og_title":"Vid\u00e9o de Gilles Augereau, Maire de V\u00e9retz (37) suite \u00e0 une animation d'\u00e9quipe avec la Process Communication -","og_description":"Mieux que les longs discours, une vid\u00e9o qui r\u00e9sume bien l&rsquo;impact et l&rsquo;int\u00e9r\u00eat de comprendre et utiliser la Process Communication dans le quotidien de la gestion des \u00e9quipes. Merci \u00e0 Gilles Augereau ! http:\/\/amvconseil.fr\/wp-content\/uploads\/2021\/06\/Gillesaugereaulinkedin-Copie-1.m4v","og_url":"https:\/\/amvconseil.fr\/?p=632","article_published_time":"2021-06-12T15:55:25+00:00","article_modified_time":"2021-06-12T16:16:39+00:00","author":"Bertrand Poitou","twitter_card":"summary_large_image","twitter_misc":{"\u00c9crit par":"Bertrand Poitou"},"schema":{"@context":"https:\/\/schema.org","@graph":[{"@type":"Article","@id":"https:\/\/amvconseil.fr\/?p=632#article","isPartOf":{"@id":"https:\/\/amvconseil.fr\/?p=632"},"author":{"name":"Bertrand Poitou","@id":"http:\/\/amvconseil.fr\/#\/schema\/person\/31ca7e8bc482046f062131f4c050cb80"},"headline":"Vid\u00e9o de Gilles Augereau, Maire de V\u00e9retz (37) suite \u00e0 une animation d&rsquo;\u00e9quipe avec la Process Communication","datePublished":"2021-06-12T15:55:25+00:00","dateModified":"2021-06-12T16:16:39+00:00","mainEntityOfPage":{"@id":"https:\/\/amvconseil.fr\/?p=632"},"wordCount":61,"publisher":{"@id":"http:\/\/amvconseil.fr\/#organization"},"inLanguage":"fr-FR"},{"@type":"WebPage","@id":"https:\/\/amvconseil.fr\/?p=632","url":"https:\/\/amvconseil.fr\/?p=632","name":"Vid\u00e9o de Gilles Augereau, Maire de V\u00e9retz (37) suite \u00e0 une animation d'\u00e9quipe avec la Process Communication -","isPartOf":{"@id":"http:\/\/amvconseil.fr\/#website"},"datePublished":"2021-06-12T15:55:25+00:00","dateModified":"2021-06-12T16:16:39+00:00","breadcrumb":{"@id":"https:\/\/amvconseil.fr\/?p=632#breadcrumb"},"inLanguage":"fr-FR","potentialAction":[{"@type":"ReadAction","target":["https:\/\/amvconseil.fr\/?p=632"]}]},{"@type":"BreadcrumbList","@id":"https:\/\/amvconseil.fr\/?p=632#breadcrumb","itemListElement":[{"@type":"ListItem","position":1,"name":"Accueil","item":"http:\/\/amvconseil.fr\/"},{"@type":"ListItem","position":2,"name":"Vid\u00e9o de Gilles Augereau, Maire de V\u00e9retz (37) suite \u00e0 une animation d&rsquo;\u00e9quipe avec la Process Communication"}]},{"@type":"WebSite","@id":"http:\/\/amvconseil.fr\/#website","url":"http:\/\/amvconseil.fr\/","name":"AMV CONSEIL","description":"","publisher":{"@id":"http:\/\/amvconseil.fr\/#organization"},"potentialAction":[{"@type":"SearchAction","target":{"@type":"EntryPoint","urlTemplate":"http:\/\/amvconseil.fr\/?s={search_term_string}"},"query-input":"required name=search_term_string"}],"inLanguage":"fr-FR"},{"@type":"Organization","@id":"http:\/\/amvconseil.fr\/#organization","name":"AMV Conseil","url":"http:\/\/amvconseil.fr\/","logo":{"@type":"ImageObject","inLanguage":"fr-FR","@id":"http:\/\/amvconseil.fr\/#\/schema\/logo\/image\/","url":"https:\/\/amvconseil.fr\/wp-content\/uploads\/2020\/05\/cropped-Fichier-106@0.75x-1.png","contentUrl":"https:\/\/amvconseil.fr\/wp-content\/uploads\/2020\/05\/cropped-Fichier-106@0.75x-1.png","width":249,"height":46,"caption":"AMV Conseil"},"image":{"@id":"http:\/\/amvconseil.fr\/#\/schema\/logo\/image\/"},"sameAs":["https:\/\/www.linkedin.com\/in\/bertrand-poitou\/"]},{"@type":"Person","@id":"http:\/\/amvconseil.fr\/#\/schema\/person\/31ca7e8bc482046f062131f4c050cb80","name":"Bertrand Poitou","sameAs":["http:\/\/amv_conseil37"],"url":"https:\/\/amvconseil.fr\/?author=2"}]}},"_links":{"self":[{"href":"https:\/\/amvconseil.fr\/index.php?rest_route=\/wp\/v2\/posts\/632"}],"collection":[{"href":"https:\/\/amvconseil.fr\/index.php?rest_route=\/wp\/v2\/posts"}],"about":[{"href":"https:\/\/amvconseil.fr\/index.php?rest_route=\/wp\/v2\/types\/post"}],"author":[{"embeddable":true,"href":"https:\/\/amvconseil.fr\/index.php?rest_route=\/wp\/v2\/users\/2"}],"replies":[{"embeddable":true,"href":"https:\/\/amvconseil.fr\/index.php?rest_route=%2Fwp%2Fv2%2Fcomments&post=632"}],"version-history":[{"count":2,"href":"https:\/\/amvconseil.fr\/index.php?rest_route=\/wp\/v2\/posts\/632\/revisions"}],"predecessor-version":[{"id":635,"href":"https:\/\/amvconseil.fr\/index.php?rest_route=\/wp\/v2\/posts\/632\/revisions\/635"}],"wp:attachment":[{"href":"https:\/\/amvconseil.fr\/index.php?rest_route=%2Fwp%2Fv2%2Fmedia&parent=632"}],"wp:term":[{"taxonomy":"category","embeddable":true,"href":"https:\/\/amvconseil.fr\/index.php?rest_route=%2Fwp%2Fv2%2Fcategories&post=632"},{"taxonomy":"post_tag","embeddable":true,"href":"https:\/\/amvconseil.fr\/index.php?rest_route=%2Fwp%2Fv2%2Ftags&post=632"}],"curies":[{"name":"wp","href":"https:\/\/api.w.org\/{rel}","templated":true}]}}