{"id":408,"date":"2018-03-12T10:33:00","date_gmt":"2018-03-12T09:33:00","guid":{"rendered":"http:\/\/amvconseil.fr\/?p=408"},"modified":"2020-05-28T10:41:30","modified_gmt":"2020-05-28T08:41:30","slug":"le-livre-dalexandre-gerard-le-patron-qui-ne-voulait-plus-etre-chef","status":"publish","type":"post","link":"https:\/\/amvconseil.fr\/?p=408","title":{"rendered":"Le livre d&rsquo;Alexandre G\u00e9rard \u00ab\u00a0Le patron qui ne voulait plus \u00eatre chef\u00a0\u00bb"},"content":{"rendered":"\n<p>Un des int\u00e9r\u00eats des missions de conseils c&rsquo;est l&rsquo;\u00e9change et la transmission qui vient du \u00ab\u00a0client\u00a0\u00bb vers le \u00ab\u00a0consultant\u00a0\u00bb est courante et enrichissante.<\/p>\n\n\n\n<p>Par ce biais, Julien a mis dans mes mains un bouquin qui l&rsquo;avait occup\u00e9 durant ses derni\u00e8res vacances et qui avait fait germer en lui bien des interrogations. Ce livre je l&rsquo;ai lu ce week-end, tout d&rsquo;abord par curiosit\u00e9 car la prose manag\u00e9riale me passionne, ensuite pour comprendre ce qu&rsquo;il avait pu ressentir avant d&rsquo;intervenir dans ses locaux, enfin par r\u00e9el plaisir tant l&rsquo;ouvrage est int\u00e9ressant et agr\u00e9able \u00e0 lire.<\/p>\n\n\n\n<p>Il s&rsquo;agit du livre d&rsquo;<a href=\"https:\/\/www.linkedin.com\/in\/alexandregerard\/\">Alexandre G\u00e9rard<\/a>&nbsp; \u00ab\u00a0Le patron qui ne voulait plus \u00eatre chef\u00a0\u00bb&nbsp;(Ed. Flammarion).<\/p>\n\n\n\n<div class=\"wp-block-image is-style-default\"><figure class=\"aligncenter size-large is-resized\"><img fetchpriority=\"high\" decoding=\"async\" src=\"http:\/\/amvconseil.fr\/wp-content\/uploads\/2020\/05\/lepatronquinevoulaitplus-633x1024.jpg\" alt=\"\" class=\"wp-image-414\" width=\"256\" height=\"414\" srcset=\"https:\/\/amvconseil.fr\/wp-content\/uploads\/2020\/05\/lepatronquinevoulaitplus-633x1024.jpg 633w, https:\/\/amvconseil.fr\/wp-content\/uploads\/2020\/05\/lepatronquinevoulaitplus-186x300.jpg 186w, https:\/\/amvconseil.fr\/wp-content\/uploads\/2020\/05\/lepatronquinevoulaitplus.jpg 650w\" sizes=\"(max-width: 256px) 100vw, 256px\" \/><\/figure><\/div>\n\n\n\n<p>Je reviendrais certainement sur ce livre tant il g\u00e9n\u00e8re chez moi des interrogations (il va \u00eatre content l&rsquo;auteur). En effet, au del\u00e0 de faire \u00e9cho \u00e0 ce que je suis et au travail personnel que je m\u00e8ne actuellement sur moi, il m&rsquo;interpelle sur la faisabilit\u00e9 d&rsquo;une transposition du concept d&rsquo;entreprise lib\u00e9r\u00e9e, au c\u0153ur de cet ouvrage, au management de la chose publique communale.<\/p>\n\n\n\n<p>Se lib\u00e9rer part souvent du haut et est un travail de longue haleine : quelle compatibilit\u00e9 avec le cycle \u00e9lectif \u00e0 6 ans&nbsp;et la n\u00e9cessaire&nbsp;vision de l&rsquo;entreprise lib\u00e9r\u00e9e&nbsp; ?<\/p>\n\n\n\n<p>Un Maire qui ne veut plus \u00eatre le \u00ab\u00a0Patron\u00a0\u00bb cela peut se traduire comment au quotidien et sur le long terme n&rsquo;est ce pas le d\u00e9but d&rsquo;une r\u00e9flexion sur le mode d&rsquo;\u00e9lection et le r\u00f4le de l&rsquo;\u00e9quipe municipale \u00e0 cot\u00e9 de l&rsquo;administration communale ?<\/p>\n\n\n\n<p>Avant de penser \u00e0 se lib\u00e9rer, beaucoup de nos organisations ne devraient elles pas s&rsquo;organiser d&rsquo;avantage (notion de processus et de m\u00e9thodologie partag\u00e9e) et r\u00e9fl\u00e9chir \u00e0 des valeurs communes \u00e9crites (mieux qu&rsquo;un r\u00e8glement int\u00e9rieur !),&nbsp; aux risques sinon, de g\u00e9n\u00e9rer plus de mal que de bien ?<\/p>\n\n\n\n<p>Je vais donc continuer \u00e0 r\u00e9fl\u00e9chir et me documenter mais <strong>je suis d&rsquo;ores et d\u00e9j\u00e0 preneur de vos exemples et commentaires<\/strong> (sur le sujet la ville Belge de Pont \u00e0 Celles, via son DGS Gilles Custers, semble r\u00e9fl\u00e9chir \u00e0 une administration lib\u00e9r\u00e9e).<\/p>\n\n\n\n<p>Je vous invite bien sur \u00e0 lire ce livre&#8230;<\/p>\n","protected":false},"excerpt":{"rendered":"<p>Un des int\u00e9r\u00eats des missions de conseils c&rsquo;est l&rsquo;\u00e9change et la transmission qui vient du \u00ab\u00a0client\u00a0\u00bb vers le \u00ab\u00a0consultant\u00a0\u00bb est courante et enrichissante. Par ce biais, Julien a mis dans mes mains un bouquin qui l&rsquo;avait occup\u00e9 durant ses derni\u00e8res vacances et qui avait fait germer en lui bien des interrogations. Ce livre je l&rsquo;ai&hellip;&nbsp;<a href=\"https:\/\/amvconseil.fr\/?p=408\" class=\"\" rel=\"bookmark\">Lire la suite &raquo;<span class=\"screen-reader-text\">Le livre d&rsquo;Alexandre G\u00e9rard \u00ab\u00a0Le patron qui ne voulait plus \u00eatre chef\u00a0\u00bb<\/span><\/a><\/p>\n","protected":false},"author":1,"featured_media":414,"comment_status":"closed","ping_status":"closed","sticky":false,"template":"","format":"standard","meta":[],"categories":[1],"tags":[],"yoast_head":"<!-- This site is optimized with the Yoast SEO plugin v21.1 - https:\/\/yoast.com\/wordpress\/plugins\/seo\/ -->\n<title>Le livre d&#039;Alexandre G\u00e9rard &quot;Le patron qui ne voulait plus \u00eatre chef&quot; -<\/title>\n<meta name=\"robots\" content=\"index, follow, max-snippet:-1, max-image-preview:large, max-video-preview:-1\" \/>\n<link rel=\"canonical\" href=\"https:\/\/amvconseil.fr\/?p=408\" \/>\n<meta property=\"og:locale\" content=\"fr_FR\" \/>\n<meta property=\"og:type\" content=\"article\" \/>\n<meta property=\"og:title\" content=\"Le livre d&#039;Alexandre G\u00e9rard &quot;Le patron qui ne voulait plus \u00eatre chef&quot; -\" \/>\n<meta property=\"og:description\" content=\"Un des int\u00e9r\u00eats des missions de conseils c&rsquo;est l&rsquo;\u00e9change et la transmission qui vient du \u00ab\u00a0client\u00a0\u00bb vers le \u00ab\u00a0consultant\u00a0\u00bb est courante et enrichissante. Par ce biais, Julien a mis dans mes mains un bouquin qui l&rsquo;avait occup\u00e9 durant ses derni\u00e8res vacances et qui avait fait germer en lui bien des interrogations. Ce livre je l&rsquo;ai&hellip;&nbsp;Lire la suite &raquo;Le livre d&rsquo;Alexandre G\u00e9rard \u00ab\u00a0Le patron qui ne voulait plus \u00eatre chef\u00a0\u00bb\" \/>\n<meta property=\"og:url\" content=\"https:\/\/amvconseil.fr\/?p=408\" \/>\n<meta property=\"article:published_time\" content=\"2018-03-12T09:33:00+00:00\" \/>\n<meta property=\"article:modified_time\" content=\"2020-05-28T08:41:30+00:00\" \/>\n<meta property=\"og:image\" content=\"https:\/\/amvconseil.fr\/wp-content\/uploads\/2020\/05\/lepatronquinevoulaitplus.jpg\" \/>\n\t<meta property=\"og:image:width\" content=\"650\" \/>\n\t<meta property=\"og:image:height\" content=\"1051\" \/>\n\t<meta property=\"og:image:type\" content=\"image\/jpeg\" \/>\n<meta name=\"author\" content=\"Sylvain\" \/>\n<meta name=\"twitter:card\" content=\"summary_large_image\" \/>\n<meta name=\"twitter:label1\" content=\"\u00c9crit par\" \/>\n\t<meta name=\"twitter:data1\" content=\"Sylvain\" \/>\n\t<meta name=\"twitter:label2\" content=\"Dur\u00e9e de lecture estim\u00e9e\" \/>\n\t<meta name=\"twitter:data2\" content=\"2 minutes\" \/>\n<script type=\"application\/ld+json\" class=\"yoast-schema-graph\">{\"@context\":\"https:\/\/schema.org\",\"@graph\":[{\"@type\":\"Article\",\"@id\":\"https:\/\/amvconseil.fr\/?p=408#article\",\"isPartOf\":{\"@id\":\"https:\/\/amvconseil.fr\/?p=408\"},\"author\":{\"name\":\"Sylvain\",\"@id\":\"http:\/\/amvconseil.fr\/#\/schema\/person\/215fcf8589a3594eaef52c83271af208\"},\"headline\":\"Le livre d&rsquo;Alexandre G\u00e9rard \u00ab\u00a0Le patron qui ne voulait plus \u00eatre chef\u00a0\u00bb\",\"datePublished\":\"2018-03-12T09:33:00+00:00\",\"dateModified\":\"2020-05-28T08:41:30+00:00\",\"mainEntityOfPage\":{\"@id\":\"https:\/\/amvconseil.fr\/?p=408\"},\"wordCount\":388,\"publisher\":{\"@id\":\"http:\/\/amvconseil.fr\/#organization\"},\"inLanguage\":\"fr-FR\"},{\"@type\":\"WebPage\",\"@id\":\"https:\/\/amvconseil.fr\/?p=408\",\"url\":\"https:\/\/amvconseil.fr\/?p=408\",\"name\":\"Le livre d'Alexandre G\u00e9rard \\\"Le patron qui ne voulait plus \u00eatre chef\\\" -\",\"isPartOf\":{\"@id\":\"http:\/\/amvconseil.fr\/#website\"},\"datePublished\":\"2018-03-12T09:33:00+00:00\",\"dateModified\":\"2020-05-28T08:41:30+00:00\",\"breadcrumb\":{\"@id\":\"https:\/\/amvconseil.fr\/?p=408#breadcrumb\"},\"inLanguage\":\"fr-FR\",\"potentialAction\":[{\"@type\":\"ReadAction\",\"target\":[\"https:\/\/amvconseil.fr\/?p=408\"]}]},{\"@type\":\"BreadcrumbList\",\"@id\":\"https:\/\/amvconseil.fr\/?p=408#breadcrumb\",\"itemListElement\":[{\"@type\":\"ListItem\",\"position\":1,\"name\":\"Accueil\",\"item\":\"http:\/\/amvconseil.fr\/\"},{\"@type\":\"ListItem\",\"position\":2,\"name\":\"Le livre d&rsquo;Alexandre G\u00e9rard \u00ab\u00a0Le patron qui ne voulait plus \u00eatre chef\u00a0\u00bb\"}]},{\"@type\":\"WebSite\",\"@id\":\"http:\/\/amvconseil.fr\/#website\",\"url\":\"http:\/\/amvconseil.fr\/\",\"name\":\"AMV CONSEIL\",\"description\":\"\",\"publisher\":{\"@id\":\"http:\/\/amvconseil.fr\/#organization\"},\"potentialAction\":[{\"@type\":\"SearchAction\",\"target\":{\"@type\":\"EntryPoint\",\"urlTemplate\":\"http:\/\/amvconseil.fr\/?s={search_term_string}\"},\"query-input\":\"required name=search_term_string\"}],\"inLanguage\":\"fr-FR\"},{\"@type\":\"Organization\",\"@id\":\"http:\/\/amvconseil.fr\/#organization\",\"name\":\"AMV Conseil\",\"url\":\"http:\/\/amvconseil.fr\/\",\"logo\":{\"@type\":\"ImageObject\",\"inLanguage\":\"fr-FR\",\"@id\":\"http:\/\/amvconseil.fr\/#\/schema\/logo\/image\/\",\"url\":\"https:\/\/amvconseil.fr\/wp-content\/uploads\/2020\/05\/cropped-Fichier-106@0.75x-1.png\",\"contentUrl\":\"https:\/\/amvconseil.fr\/wp-content\/uploads\/2020\/05\/cropped-Fichier-106@0.75x-1.png\",\"width\":249,\"height\":46,\"caption\":\"AMV Conseil\"},\"image\":{\"@id\":\"http:\/\/amvconseil.fr\/#\/schema\/logo\/image\/\"},\"sameAs\":[\"https:\/\/www.linkedin.com\/in\/bertrand-poitou\/\"]},{\"@type\":\"Person\",\"@id\":\"http:\/\/amvconseil.fr\/#\/schema\/person\/215fcf8589a3594eaef52c83271af208\",\"name\":\"Sylvain\",\"url\":\"https:\/\/amvconseil.fr\/?author=1\"}]}<\/script>\n<!-- \/ Yoast SEO plugin. -->","yoast_head_json":{"title":"Le livre d'Alexandre G\u00e9rard \"Le patron qui ne voulait plus \u00eatre chef\" -","robots":{"index":"index","follow":"follow","max-snippet":"max-snippet:-1","max-image-preview":"max-image-preview:large","max-video-preview":"max-video-preview:-1"},"canonical":"https:\/\/amvconseil.fr\/?p=408","og_locale":"fr_FR","og_type":"article","og_title":"Le livre d'Alexandre G\u00e9rard \"Le patron qui ne voulait plus \u00eatre chef\" -","og_description":"Un des int\u00e9r\u00eats des missions de conseils c&rsquo;est l&rsquo;\u00e9change et la transmission qui vient du \u00ab\u00a0client\u00a0\u00bb vers le \u00ab\u00a0consultant\u00a0\u00bb est courante et enrichissante. Par ce biais, Julien a mis dans mes mains un bouquin qui l&rsquo;avait occup\u00e9 durant ses derni\u00e8res vacances et qui avait fait germer en lui bien des interrogations. Ce livre je l&rsquo;ai&hellip;&nbsp;Lire la suite &raquo;Le livre d&rsquo;Alexandre G\u00e9rard \u00ab\u00a0Le patron qui ne voulait plus \u00eatre chef\u00a0\u00bb","og_url":"https:\/\/amvconseil.fr\/?p=408","article_published_time":"2018-03-12T09:33:00+00:00","article_modified_time":"2020-05-28T08:41:30+00:00","og_image":[{"width":650,"height":1051,"url":"https:\/\/amvconseil.fr\/wp-content\/uploads\/2020\/05\/lepatronquinevoulaitplus.jpg","type":"image\/jpeg"}],"author":"Sylvain","twitter_card":"summary_large_image","twitter_misc":{"\u00c9crit par":"Sylvain","Dur\u00e9e de lecture estim\u00e9e":"2 minutes"},"schema":{"@context":"https:\/\/schema.org","@graph":[{"@type":"Article","@id":"https:\/\/amvconseil.fr\/?p=408#article","isPartOf":{"@id":"https:\/\/amvconseil.fr\/?p=408"},"author":{"name":"Sylvain","@id":"http:\/\/amvconseil.fr\/#\/schema\/person\/215fcf8589a3594eaef52c83271af208"},"headline":"Le livre d&rsquo;Alexandre G\u00e9rard \u00ab\u00a0Le patron qui ne voulait plus \u00eatre chef\u00a0\u00bb","datePublished":"2018-03-12T09:33:00+00:00","dateModified":"2020-05-28T08:41:30+00:00","mainEntityOfPage":{"@id":"https:\/\/amvconseil.fr\/?p=408"},"wordCount":388,"publisher":{"@id":"http:\/\/amvconseil.fr\/#organization"},"inLanguage":"fr-FR"},{"@type":"WebPage","@id":"https:\/\/amvconseil.fr\/?p=408","url":"https:\/\/amvconseil.fr\/?p=408","name":"Le livre d'Alexandre G\u00e9rard \"Le patron qui ne voulait plus \u00eatre chef\" -","isPartOf":{"@id":"http:\/\/amvconseil.fr\/#website"},"datePublished":"2018-03-12T09:33:00+00:00","dateModified":"2020-05-28T08:41:30+00:00","breadcrumb":{"@id":"https:\/\/amvconseil.fr\/?p=408#breadcrumb"},"inLanguage":"fr-FR","potentialAction":[{"@type":"ReadAction","target":["https:\/\/amvconseil.fr\/?p=408"]}]},{"@type":"BreadcrumbList","@id":"https:\/\/amvconseil.fr\/?p=408#breadcrumb","itemListElement":[{"@type":"ListItem","position":1,"name":"Accueil","item":"http:\/\/amvconseil.fr\/"},{"@type":"ListItem","position":2,"name":"Le livre d&rsquo;Alexandre G\u00e9rard \u00ab\u00a0Le patron qui ne voulait plus \u00eatre chef\u00a0\u00bb"}]},{"@type":"WebSite","@id":"http:\/\/amvconseil.fr\/#website","url":"http:\/\/amvconseil.fr\/","name":"AMV CONSEIL","description":"","publisher":{"@id":"http:\/\/amvconseil.fr\/#organization"},"potentialAction":[{"@type":"SearchAction","target":{"@type":"EntryPoint","urlTemplate":"http:\/\/amvconseil.fr\/?s={search_term_string}"},"query-input":"required name=search_term_string"}],"inLanguage":"fr-FR"},{"@type":"Organization","@id":"http:\/\/amvconseil.fr\/#organization","name":"AMV Conseil","url":"http:\/\/amvconseil.fr\/","logo":{"@type":"ImageObject","inLanguage":"fr-FR","@id":"http:\/\/amvconseil.fr\/#\/schema\/logo\/image\/","url":"https:\/\/amvconseil.fr\/wp-content\/uploads\/2020\/05\/cropped-Fichier-106@0.75x-1.png","contentUrl":"https:\/\/amvconseil.fr\/wp-content\/uploads\/2020\/05\/cropped-Fichier-106@0.75x-1.png","width":249,"height":46,"caption":"AMV Conseil"},"image":{"@id":"http:\/\/amvconseil.fr\/#\/schema\/logo\/image\/"},"sameAs":["https:\/\/www.linkedin.com\/in\/bertrand-poitou\/"]},{"@type":"Person","@id":"http:\/\/amvconseil.fr\/#\/schema\/person\/215fcf8589a3594eaef52c83271af208","name":"Sylvain","url":"https:\/\/amvconseil.fr\/?author=1"}]}},"_links":{"self":[{"href":"https:\/\/amvconseil.fr\/index.php?rest_route=\/wp\/v2\/posts\/408"}],"collection":[{"href":"https:\/\/amvconseil.fr\/index.php?rest_route=\/wp\/v2\/posts"}],"about":[{"href":"https:\/\/amvconseil.fr\/index.php?rest_route=\/wp\/v2\/types\/post"}],"author":[{"embeddable":true,"href":"https:\/\/amvconseil.fr\/index.php?rest_route=\/wp\/v2\/users\/1"}],"replies":[{"embeddable":true,"href":"https:\/\/amvconseil.fr\/index.php?rest_route=%2Fwp%2Fv2%2Fcomments&post=408"}],"version-history":[{"count":2,"href":"https:\/\/amvconseil.fr\/index.php?rest_route=\/wp\/v2\/posts\/408\/revisions"}],"predecessor-version":[{"id":415,"href":"https:\/\/amvconseil.fr\/index.php?rest_route=\/wp\/v2\/posts\/408\/revisions\/415"}],"wp:featuredmedia":[{"embeddable":true,"href":"https:\/\/amvconseil.fr\/index.php?rest_route=\/wp\/v2\/media\/414"}],"wp:attachment":[{"href":"https:\/\/amvconseil.fr\/index.php?rest_route=%2Fwp%2Fv2%2Fmedia&parent=408"}],"wp:term":[{"taxonomy":"category","embeddable":true,"href":"https:\/\/amvconseil.fr\/index.php?rest_route=%2Fwp%2Fv2%2Fcategories&post=408"},{"taxonomy":"post_tag","embeddable":true,"href":"https:\/\/amvconseil.fr\/index.php?rest_route=%2Fwp%2Fv2%2Ftags&post=408"}],"curies":[{"name":"wp","href":"https:\/\/api.w.org\/{rel}","templated":true}]}}